{"id":7446,"date":"2015-02-04T12:34:35","date_gmt":"2015-02-04T12:34:35","guid":{"rendered":"http:\/\/www.ecuadoraldia.com.ec\/?p=7446"},"modified":"2015-02-04T12:37:13","modified_gmt":"2015-02-04T12:37:13","slug":"el-petroleo-se-recupero-ayer-un-7-y-cerro-en-5305","status":"publish","type":"post","link":"https:\/\/www.ecuadoraldia.com.ec\/?p=7446","title":{"rendered":"El petr\u00f3leo se recuper\u00f3 ayer un 7 % y cerr\u00f3 en $ 53,05"},"content":{"rendered":"<p style=\"text-align: justify;\"><a href=\"http:\/\/www.ecuadoraldia.com.ec\/wp-content\/uploads\/2015\/02\/foto-20-octubre.jpg\"><img loading=\"lazy\" decoding=\"async\" class=\"alignleft size-medium wp-image-7448\" src=\"http:\/\/www.ecuadoraldia.com.ec\/wp-content\/uploads\/2015\/02\/foto-20-octubre-300x194.jpg\" alt=\"foto-20-octubre\" width=\"300\" height=\"194\" srcset=\"https:\/\/www.ecuadoraldia.com.ec\/wp-content\/uploads\/2015\/02\/foto-20-octubre-300x194.jpg 300w, https:\/\/www.ecuadoraldia.com.ec\/wp-content\/uploads\/2015\/02\/foto-20-octubre.jpg 305w\" sizes=\"(max-width: 300px) 100vw, 300px\" \/><\/a>El precio del petr\u00f3leo intermedio de Texas (WTI) anot\u00f3 ayer el valor m\u00e1ximo del a\u00f1o. El crudo termin\u00f3 la sesi\u00f3n en $ 53,05 por barril, un alza del 7,02 %.<\/p>\n<p style=\"text-align: justify;\">Al t\u00e9rmino de la jornada de operaciones a viva voz en la Bolsa Mercantil de Nueva York (Nymex), los contratos futuros del WTI para entrega en marzo, los de m\u00e1s pr\u00f3ximo vencimiento, subieron ayer 3,48 d\u00f3lares el barril respecto al cierre de la sesi\u00f3n anterior. El a\u00f1o pasado, el WTI cerr\u00f3 con un valor de 53,27 d\u00f3lares el barril, el precio m\u00ednimo registrado en 2014. La subida de la jornada de ayer, aunque grande, est\u00e1 por debajo del 8,33 % que gan\u00f3 el WTI en la sesi\u00f3n del pasado viernes, cuando alcanz\u00f3 los 48,24 d\u00f3lares el barril.<\/p>\n<p style=\"text-align: justify;\">Pero el nivel de 53,05 d\u00f3lares est\u00e1 a la mitad del m\u00e1ximo anual que se registr\u00f3 en 2014, de 107,26 d\u00f3lares el barril. El WTI sirve de referencia para el mercado ecuatoriano que exporta una buena parte de los 560 mil barriles que produce aproximadamente al d\u00eda.<\/p>\n<p style=\"text-align: justify;\">Es por esos vaivenes en los precios de la materia prima, que la Organizaci\u00f3n para la Cooperaci\u00f3n y el Desarrollo Econ\u00f3micos (OCDE) sugiri\u00f3 a Latinoam\u00e9rica emprender reformas estructurales para elevar su productividad y crear motores econ\u00f3micos propios que le permitan mantener su crecimiento sin depender tanto de las exportaciones de materias primas. El informe \u00abPerspectivas econ\u00f3micas de Am\u00e9rica Latina 2015. Educaci\u00f3n, competencias e innovaci\u00f3n para el desarrollo\u00bb, presentado ayer en Lima, situ\u00f3 el crecimiento de Latinoam\u00e9rica en 2014 en menos del 1,5 %. Por primera vez en 10 a\u00f1os estuvo por debajo del promedio de los 34 pa\u00edses de la OCDE, de alrededor del 2 % el a\u00f1o pasado.<\/p>\n<p style=\"text-align: justify;\">La OCDE propuso, seg\u00fan su director del Centro de Desarrollo, el italiano Mario Pezzini, un aumento de la calidad de la educaci\u00f3n para fortalecer la clase media. Los pa\u00edses de la regi\u00f3n alcanzaron un nivel de inversi\u00f3n en educaci\u00f3n del 5 % del producto interno bruto (PIB). EFE<\/p>\n","protected":false},"excerpt":{"rendered":"<p>El precio del petr\u00f3leo intermedio de Texas (WTI) anot\u00f3 ayer el valor m\u00e1ximo del a\u00f1o. El crudo termin\u00f3 la sesi\u00f3n<\/p>\n","protected":false},"author":1,"featured_media":0,"comment_status":"open","ping_status":"open","sticky":false,"template":"","format":"standard","meta":{"footnotes":""},"categories":[9],"tags":[],"_links":{"self":[{"href":"https:\/\/www.ecuadoraldia.com.ec\/index.php?rest_route=\/wp\/v2\/posts\/7446"}],"collection":[{"href":"https:\/\/www.ecuadoraldia.com.ec\/index.php?rest_route=\/wp\/v2\/posts"}],"about":[{"href":"https:\/\/www.ecuadoraldia.com.ec\/index.php?rest_route=\/wp\/v2\/types\/post"}],"author":[{"embeddable":true,"href":"https:\/\/www.ecuadoraldia.com.ec\/index.php?rest_route=\/wp\/v2\/users\/1"}],"replies":[{"embeddable":true,"href":"https:\/\/www.ecuadoraldia.com.ec\/index.php?rest_route=%2Fwp%2Fv2%2Fcomments&post=7446"}],"version-history":[{"count":2,"href":"https:\/\/www.ecuadoraldia.com.ec\/index.php?rest_route=\/wp\/v2\/posts\/7446\/revisions"}],"predecessor-version":[{"id":7449,"href":"https:\/\/www.ecuadoraldia.com.ec\/index.php?rest_route=\/wp\/v2\/posts\/7446\/revisions\/7449"}],"wp:attachment":[{"href":"https:\/\/www.ecuadoraldia.com.ec\/index.php?rest_route=%2Fwp%2Fv2%2Fmedia&parent=7446"}],"wp:term":[{"taxonomy":"category","embeddable":true,"href":"https:\/\/www.ecuadoraldia.com.ec\/index.php?rest_route=%2Fwp%2Fv2%2Fcategories&post=7446"},{"taxonomy":"post_tag","embeddable":true,"href":"https:\/\/www.ecuadoraldia.com.ec\/index.php?rest_route=%2Fwp%2Fv2%2Ftags&post=7446"}],"curies":[{"name":"wp","href":"https:\/\/api.w.org\/{rel}","templated":true}]}}