{"id":7453,"date":"2015-02-04T23:22:48","date_gmt":"2015-02-04T23:22:48","guid":{"rendered":"http:\/\/www.ecuadoraldia.com.ec\/?p=7453"},"modified":"2015-02-04T23:22:48","modified_gmt":"2015-02-04T23:22:48","slug":"comision-de-justicia-pide-comparecencia-de-funcionarios-por-ley-de-reparacion-de-victimas","status":"publish","type":"post","link":"https:\/\/www.ecuadoraldia.com.ec\/?p=7453","title":{"rendered":"Comisi\u00f3n de Justicia pide comparecencia de funcionarios por Ley de Reparaci\u00f3n de V\u00edctimas"},"content":{"rendered":"<p style=\"text-align: justify;\"><a href=\"http:\/\/www.ecuadoraldia.com.ec\/wp-content\/uploads\/2015\/02\/andino.jpg\"><img loading=\"lazy\" decoding=\"async\" class=\"alignleft size-medium wp-image-7454\" src=\"http:\/\/www.ecuadoraldia.com.ec\/wp-content\/uploads\/2015\/02\/andino-300x261.jpg\" alt=\"andino\" width=\"300\" height=\"261\" srcset=\"https:\/\/www.ecuadoraldia.com.ec\/wp-content\/uploads\/2015\/02\/andino-300x261.jpg 300w, https:\/\/www.ecuadoraldia.com.ec\/wp-content\/uploads\/2015\/02\/andino.jpg 305w\" sizes=\"(max-width: 300px) 100vw, 300px\" \/><\/a>El 11 de marzo deber\u00e1n comparecer ante la Comisi\u00f3n de Justicia de la Asamblea Nacional, el fiscal general Galo Chiriboga, los ministros de Justicia y Cultura, Ledy Z\u00fa\u00f1iga y Francisco Borja, respectivamente; as\u00ed como el director del Registro Civil, Jorge Troya, para que cumplan con el requerimiento de informaci\u00f3n pedido a trav\u00e9s de la presidenta del Legislativo, Gabriela Rivadeneira, sobre la Ley de Reparaci\u00f3n de V\u00edctimas por violaci\u00f3n de derechos humanos.<\/p>\n<p style=\"text-align: justify;\">Mauro Andino, presidente de esta comisi\u00f3n, explic\u00f3 que en su debida oportunidad la presidenta de la Asamblea requiri\u00f3 informaci\u00f3n de estos funcionarios, pero \u201cel \u00fanico que cumpli\u00f3 totalmente fue el Defensor del Pueblo, el Fiscal lo hizo parcialmente, mientras que los 3 restantes no presentaron ninguna informaci\u00f3n\u201d.<\/p>\n<p style=\"text-align: justify;\">As\u00ed, Andino record\u00f3 que los funcionarios deb\u00edan entregar la informaci\u00f3n requerida sobre la Ley de V\u00edctimas para su reparaci\u00f3n integral. \u201cEsperamos que en los 15 d\u00edas que dicta la ley los 4 funcionarios cumplan con este deber, porque si no comparecen en la fecha indicada ser\u00eda la causa para sugerir, desde la Comisi\u00f3n, un juicio pol\u00edtico\u201d.<\/p>\n<p style=\"text-align: justify;\">Otra posibilidad que plante\u00f3 Andino es que en caso de que \u00abtras la comparecencia, la mayor\u00eda de integrantes de la Comisi\u00f3n no se sientan satisfechos con lo expuesto por los funcionarios tambi\u00e9n podr\u00edan ser llamados a juicio. Pero si llegan a cumplir con sus obligaciones el proceso se podr\u00eda archivar\u00bb.<\/p>\n<p style=\"text-align: justify;\">El legislador record\u00f3 que a la Fiscal\u00eda le correspond\u00eda la b\u00fasqueda, localizaci\u00f3n y liberaci\u00f3n de las personas desaparecidas, as\u00ed como la judicializaci\u00f3n de los casos. En cambio, la obligaci\u00f3n del Ministerio de Justicia era la expedici\u00f3n de un reglamento para establecer los procesos para la realizaci\u00f3n de acuerdos reparatorios.<\/p>\n<p style=\"text-align: justify;\">A la Defensor\u00eda del Pueblo le correspond\u00eda la creaci\u00f3n de un programa para la reparaci\u00f3n de v\u00edctimas y colaboraci\u00f3n con la expedici\u00f3n del reglamento. El Ministerio de Cultura deb\u00eda crear el museo de la Memoria y el Registro Civil ten\u00eda a su cargo la modificaci\u00f3n del registro de nacimiento respecto de los apellidos paterno y materno de los hijos que fueron inscritos en esta entidad como hijos de otras personas para precautelar su vida o integridad f\u00edsica en aquellas d\u00e9cadas donde existi\u00f3 tortura, agresiones, desapareci\u00f3 gente o perdieron la vida.<\/p>\n<p style=\"text-align: justify;\">Andino sostuvo que con la comparecencia de los funcionarios aspira a que la Comisi\u00f3n de Justicia tenga los elementos necesarios para debatir y presentar el informe respectivo al Consejo de Administraci\u00f3n Legislativa (CAL) sobre este proceso de fiscalizaci\u00f3n.(El tel\u00e9grafo)<\/p>\n","protected":false},"excerpt":{"rendered":"<p>El 11 de marzo deber\u00e1n comparecer ante la Comisi\u00f3n de Justicia de la Asamblea Nacional, el fiscal general Galo Chiriboga,<\/p>\n","protected":false},"author":1,"featured_media":0,"comment_status":"open","ping_status":"open","sticky":false,"template":"","format":"standard","meta":{"footnotes":""},"categories":[1],"tags":[],"_links":{"self":[{"href":"https:\/\/www.ecuadoraldia.com.ec\/index.php?rest_route=\/wp\/v2\/posts\/7453"}],"collection":[{"href":"https:\/\/www.ecuadoraldia.com.ec\/index.php?rest_route=\/wp\/v2\/posts"}],"about":[{"href":"https:\/\/www.ecuadoraldia.com.ec\/index.php?rest_route=\/wp\/v2\/types\/post"}],"author":[{"embeddable":true,"href":"https:\/\/www.ecuadoraldia.com.ec\/index.php?rest_route=\/wp\/v2\/users\/1"}],"replies":[{"embeddable":true,"href":"https:\/\/www.ecuadoraldia.com.ec\/index.php?rest_route=%2Fwp%2Fv2%2Fcomments&post=7453"}],"version-history":[{"count":1,"href":"https:\/\/www.ecuadoraldia.com.ec\/index.php?rest_route=\/wp\/v2\/posts\/7453\/revisions"}],"predecessor-version":[{"id":7455,"href":"https:\/\/www.ecuadoraldia.com.ec\/index.php?rest_route=\/wp\/v2\/posts\/7453\/revisions\/7455"}],"wp:attachment":[{"href":"https:\/\/www.ecuadoraldia.com.ec\/index.php?rest_route=%2Fwp%2Fv2%2Fmedia&parent=7453"}],"wp:term":[{"taxonomy":"category","embeddable":true,"href":"https:\/\/www.ecuadoraldia.com.ec\/index.php?rest_route=%2Fwp%2Fv2%2Fcategories&post=7453"},{"taxonomy":"post_tag","embeddable":true,"href":"https:\/\/www.ecuadoraldia.com.ec\/index.php?rest_route=%2Fwp%2Fv2%2Ftags&post=7453"}],"curies":[{"name":"wp","href":"https:\/\/api.w.org\/{rel}","templated":true}]}}