{"id":7456,"date":"2015-02-04T23:27:34","date_gmt":"2015-02-04T23:27:34","guid":{"rendered":"http:\/\/www.ecuadoraldia.com.ec\/?p=7456"},"modified":"2015-02-04T23:30:27","modified_gmt":"2015-02-04T23:30:27","slug":"caja-negra-del-helicoptero-dhruv-que-se-accidento-el-13-de-enero-llego-a-ee-uu","status":"publish","type":"post","link":"https:\/\/www.ecuadoraldia.com.ec\/?p=7456","title":{"rendered":"Caja negra del  Dhruv  accidentado el 13 de enero lleg\u00f3 a EE.UU."},"content":{"rendered":"<p style=\"text-align: justify;\"><a href=\"http:\/\/www.ecuadoraldia.com.ec\/wp-content\/uploads\/2015\/02\/dhruv13.jpg\"><img loading=\"lazy\" decoding=\"async\" class=\"alignleft size-full wp-image-7460\" src=\"http:\/\/www.ecuadoraldia.com.ec\/wp-content\/uploads\/2015\/02\/dhruv13.jpg\" alt=\"dhruv13\" width=\"260\" height=\"194\" \/><\/a>Ra\u00fal Banderas, comandante de la Fuerza A\u00e9rea Ecuatoriana (FAE), inform\u00f3 que la caja negra del helic\u00f3ptero Dhruv, que se accident\u00f3 el 13 de enero, lleg\u00f3 a EE.UU. para realizar los an\u00e1lisis correspondientes.<\/p>\n<p style=\"text-align: justify;\">Sin embargo, ayer en una entrevista a un medio de comunicaci\u00f3n televisivo, el ministro de Defensa, Fernando Cordero, dijo que todav\u00eda falta por definir la fecha del an\u00e1lisis de la otra caja negra de la aeronave Dhruv, que se impact\u00f3 el 28 de enero, a pocos minutos del despegue en el helipuerto del Tena.<\/p>\n<p style=\"text-align: justify;\">Banderas se\u00f1al\u00f3 que ya se corrigieron las observaciones presentadas por el primer examen de la Contralor\u00eda, entre ellas el cambio de palas, que eran de 2007, cuando la aeronave era de 2008.<\/p>\n<p style=\"text-align: justify;\">El funcionario de la FAE se\u00f1al\u00f3 que el cuarto helic\u00f3ptero, que se accident\u00f3 el 27 de enero, s\u00ed contaba con un certificado que acreditaba su capacidad de vuelo. Indic\u00f3 que el documento fue extendido por los t\u00e9cnicos indios, quienes llegaron al pa\u00eds para conocer las causas del tercer accidente del helic\u00f3ptero del 13 de enero.<\/p>\n<p style=\"text-align: justify;\">Banderas afirm\u00f3 que un equipo t\u00e9cnico estuvo en el Ecuador, entre ellos un dise\u00f1ador de la nave. Detall\u00f3 que cuando la Junta de Investigaciones de Accidentes considere los \u00abexpertos indios\u00bb podr\u00e1n dar la informaci\u00f3n necesaria.<\/p>\n<p style=\"text-align: justify;\">El comandante de la FAE agreg\u00f3 que espera que en los pr\u00f3ximos d\u00edas se sumen investigadores de Francia y Brasil.<\/p>\n<p style=\"text-align: justify;\">El criterio comparti\u00f3 el ministro de Defensa, Fernando Cordero, quien dijo esta ma\u00f1ana que las juntas que investigan ambas cat\u00e1strofes se encuentran conformadas por un delegado de la Direcci\u00f3n de Aviaci\u00f3n Civil, otro del Comando Conjunto de las Fuerzas Armadas (FF.AA.) y 4 t\u00e9cnicos.<\/p>\n<p style=\"text-align: justify;\">En este proceso de indagaci\u00f3n, no se encuentran delegados de la Fuerza A\u00e9rea Ecuatoriana (FAE), puesto que la instituci\u00f3n se encarg\u00f3 del tr\u00e1mite para adquirir los aparatos de vuelo.<\/p>\n<p style=\"text-align: justify;\">Sin especificar fechas del resultado de ambos informes, Cordero a\u00f1adi\u00f3 que a trav\u00e9s del Ministerio de Relaciones Exteriores se pidi\u00f3 el apoyo de Francia, de Brasil, as\u00ed como especialistas de universidades ecuatorianas para contar con criterios t\u00e9cnicos.<\/p>\n<p style=\"text-align: justify;\">De su lado, la exministra de Defensa, Mar\u00eda Fernanda Espinosa, rechaz\u00f3 las declaraciones del perito Roberto Meza. Dijo que esta consultor\u00eda solo se encargo de terminar las causas de la muerte del general Jorge Gabela y jam\u00e1s investig\u00f3 sobre las adquisiciones de los helic\u00f3pteros, porque \u00abno era su competencia (&#8230;) realiz\u00f3 un an\u00e1lisis forense\u00bb, dijo, pues reiter\u00f3 que en caso de accidente por decreto expreso se integra una Junta de Investigaci\u00f3n de Accidentes para analizar el caso.EL TEL\u00c9GRAFO.<\/p>\n","protected":false},"excerpt":{"rendered":"<p>Ra\u00fal Banderas, comandante de la Fuerza A\u00e9rea Ecuatoriana (FAE), inform\u00f3 que la caja negra del helic\u00f3ptero Dhruv, que se accident\u00f3<\/p>\n","protected":false},"author":1,"featured_media":0,"comment_status":"open","ping_status":"open","sticky":false,"template":"","format":"standard","meta":{"footnotes":""},"categories":[1],"tags":[],"_links":{"self":[{"href":"https:\/\/www.ecuadoraldia.com.ec\/index.php?rest_route=\/wp\/v2\/posts\/7456"}],"collection":[{"href":"https:\/\/www.ecuadoraldia.com.ec\/index.php?rest_route=\/wp\/v2\/posts"}],"about":[{"href":"https:\/\/www.ecuadoraldia.com.ec\/index.php?rest_route=\/wp\/v2\/types\/post"}],"author":[{"embeddable":true,"href":"https:\/\/www.ecuadoraldia.com.ec\/index.php?rest_route=\/wp\/v2\/users\/1"}],"replies":[{"embeddable":true,"href":"https:\/\/www.ecuadoraldia.com.ec\/index.php?rest_route=%2Fwp%2Fv2%2Fcomments&post=7456"}],"version-history":[{"count":3,"href":"https:\/\/www.ecuadoraldia.com.ec\/index.php?rest_route=\/wp\/v2\/posts\/7456\/revisions"}],"predecessor-version":[{"id":7461,"href":"https:\/\/www.ecuadoraldia.com.ec\/index.php?rest_route=\/wp\/v2\/posts\/7456\/revisions\/7461"}],"wp:attachment":[{"href":"https:\/\/www.ecuadoraldia.com.ec\/index.php?rest_route=%2Fwp%2Fv2%2Fmedia&parent=7456"}],"wp:term":[{"taxonomy":"category","embeddable":true,"href":"https:\/\/www.ecuadoraldia.com.ec\/index.php?rest_route=%2Fwp%2Fv2%2Fcategories&post=7456"},{"taxonomy":"post_tag","embeddable":true,"href":"https:\/\/www.ecuadoraldia.com.ec\/index.php?rest_route=%2Fwp%2Fv2%2Ftags&post=7456"}],"curies":[{"name":"wp","href":"https:\/\/api.w.org\/{rel}","templated":true}]}}