{"id":7462,"date":"2015-02-04T23:34:38","date_gmt":"2015-02-04T23:34:38","guid":{"rendered":"http:\/\/www.ecuadoraldia.com.ec\/?p=7462"},"modified":"2015-02-04T23:34:38","modified_gmt":"2015-02-04T23:34:38","slug":"ministerio-de-trabajo-concede-visto-bueno-a-favor-de-bolanos","status":"publish","type":"post","link":"https:\/\/www.ecuadoraldia.com.ec\/?p=7462","title":{"rendered":"Ministerio de Trabajo concede visto bueno a favor de Bola\u00f1os"},"content":{"rendered":"<p><a href=\"http:\/\/www.ecuadoraldia.com.ec\/wp-content\/uploads\/2015\/02\/alex-bo.jpg\"><img loading=\"lazy\" decoding=\"async\" class=\"alignleft size-medium wp-image-7463\" src=\"http:\/\/www.ecuadoraldia.com.ec\/wp-content\/uploads\/2015\/02\/alex-bo-300x216.jpg\" alt=\"alex bo\" width=\"300\" height=\"216\" srcset=\"https:\/\/www.ecuadoraldia.com.ec\/wp-content\/uploads\/2015\/02\/alex-bo-300x216.jpg 300w, https:\/\/www.ecuadoraldia.com.ec\/wp-content\/uploads\/2015\/02\/alex-bo.jpg 450w\" sizes=\"(max-width: 300px) 100vw, 300px\" \/><\/a>Esta tarde el viceministro de Trabajo Manolo Rodas, inform\u00f3 que se conceden el visto bueno a favor de \u00c1lex Bola\u00f1os y con ello su relaci\u00f3n con Barcelona se da por terminada.<\/p>\n<p style=\"text-align: justify;\">Barcelona tiene 30 d\u00edas para pagar la remuneraci\u00f3n que se le adeuda al jugador. \u00abEl visto bueno quiere decir que queda desligado del equipo. El visto bueno fue tramitado el 15 de enero\u00bb.<\/p>\n<p style=\"text-align: justify;\">\u00abTodos los trabajadores del deporte que se sientan afectados pueden acercarse al Ministerio y pedir visto bueno\u00bb, argument\u00f3 Manolo Rodas.<\/p>\n<p style=\"text-align: justify;\">Por otra parte, Rodas asegur\u00f3 que el equipo &#8216;amarillo&#8217; puede apelar. \u00abBarcelona puede ir ante jueces de trabajo y apelar\u00bb.<\/p>\n<p style=\"text-align: justify;\">Esta decisi\u00f3n implica que el club guayaquile\u00f1o deber\u00e1 pagarle al jugador su \u00faltimo sueldo multiplicado por 3 y los beneficios de ley como vacaciones, d\u00e9cimo tercero y d\u00e9cimo cuarto.<\/p>\n<p style=\"text-align: justify;\">Cabe se\u00f1alar que Bola\u00f1os present\u00f3 dos causales: injurias y pago impuntual. Este problema surgi\u00f3 a ra\u00edz de que el jugador fue expulsado en la final del torneo local la temporada pasada. Luego el presidente del club Antonio Noboa public\u00f3 duras declaraciones en su cuenta de twitter. EL TEL\u00c9GRAFO.<\/p>\n","protected":false},"excerpt":{"rendered":"<p>Esta tarde el viceministro de Trabajo Manolo Rodas, inform\u00f3 que se conceden el visto bueno a favor de \u00c1lex Bola\u00f1os<\/p>\n","protected":false},"author":1,"featured_media":0,"comment_status":"open","ping_status":"open","sticky":false,"template":"","format":"standard","meta":{"footnotes":""},"categories":[10],"tags":[],"_links":{"self":[{"href":"https:\/\/www.ecuadoraldia.com.ec\/index.php?rest_route=\/wp\/v2\/posts\/7462"}],"collection":[{"href":"https:\/\/www.ecuadoraldia.com.ec\/index.php?rest_route=\/wp\/v2\/posts"}],"about":[{"href":"https:\/\/www.ecuadoraldia.com.ec\/index.php?rest_route=\/wp\/v2\/types\/post"}],"author":[{"embeddable":true,"href":"https:\/\/www.ecuadoraldia.com.ec\/index.php?rest_route=\/wp\/v2\/users\/1"}],"replies":[{"embeddable":true,"href":"https:\/\/www.ecuadoraldia.com.ec\/index.php?rest_route=%2Fwp%2Fv2%2Fcomments&post=7462"}],"version-history":[{"count":1,"href":"https:\/\/www.ecuadoraldia.com.ec\/index.php?rest_route=\/wp\/v2\/posts\/7462\/revisions"}],"predecessor-version":[{"id":7464,"href":"https:\/\/www.ecuadoraldia.com.ec\/index.php?rest_route=\/wp\/v2\/posts\/7462\/revisions\/7464"}],"wp:attachment":[{"href":"https:\/\/www.ecuadoraldia.com.ec\/index.php?rest_route=%2Fwp%2Fv2%2Fmedia&parent=7462"}],"wp:term":[{"taxonomy":"category","embeddable":true,"href":"https:\/\/www.ecuadoraldia.com.ec\/index.php?rest_route=%2Fwp%2Fv2%2Fcategories&post=7462"},{"taxonomy":"post_tag","embeddable":true,"href":"https:\/\/www.ecuadoraldia.com.ec\/index.php?rest_route=%2Fwp%2Fv2%2Ftags&post=7462"}],"curies":[{"name":"wp","href":"https:\/\/api.w.org\/{rel}","templated":true}]}}