{"id":7468,"date":"2015-02-04T23:46:57","date_gmt":"2015-02-04T23:46:57","guid":{"rendered":"http:\/\/www.ecuadoraldia.com.ec\/?p=7468"},"modified":"2015-02-04T23:46:57","modified_gmt":"2015-02-04T23:46:57","slug":"la-onu-confirma-el-horror-del-terrorismo-islamico-isis-vende-ninos-los-crucifica-y-los-entierra-vivos","status":"publish","type":"post","link":"https:\/\/www.ecuadoraldia.com.ec\/?p=7468","title":{"rendered":"La ONU confirma el horror del terrorismo isl\u00e1mico: \u00abISIS vende ni\u00f1os, los crucifica y los entierra vivos\u00bb"},"content":{"rendered":"<p style=\"text-align: justify;\"><a href=\"http:\/\/www.ecuadoraldia.com.ec\/wp-content\/uploads\/2015\/02\/esclav.jpg\"><img loading=\"lazy\" decoding=\"async\" class=\"alignleft size-full wp-image-7469\" src=\"http:\/\/www.ecuadoraldia.com.ec\/wp-content\/uploads\/2015\/02\/esclav.jpg\" alt=\"esclav\" width=\"186\" height=\"137\" \/><\/a>Cr\u00e9dito: Reuters. \u00abRealmente estamos profundamente preocupados por la tortura y el asesinato de esos ni\u00f1os, especialmente de aquellos pertenecientes a minor\u00edas, pero no s\u00f3lo de minor\u00edas\u00bb, dijo Renate Winter, una experta del comit\u00e9. \u00abEl alcance del problema es enorme\u00bb, agreg\u00f3.<\/p>\n<p style=\"text-align: justify;\">Menores de la secta yazid\u00ed o de comunidades cristianas, pero tambi\u00e9n chi\u00edtas y sunitas, han sido v\u00edctimas del grupo, sostuvo. \u00abHemos tenido reportes de ni\u00f1os, especialmente ni\u00f1os discapacitados mentales, que han sido usados como suicidas con bombas, probablemente sin que ellos incluso entendieran\u00bb, dijo Winter a Reuters.<\/p>\n<p style=\"text-align: justify;\">El ISIS es una escisi\u00f3n del grupo Al Qaeda que declar\u00f3 un califato isl\u00e1mico a trav\u00e9s de partes de Siria e Irak durante el pasado verano boreal. Ha matado a miles de personas y forzado a otros cientos de miles a abandonar sus hogares, en lo que Naciones Unidos ha calificado como un \u00abreino del terror\u00bb.<\/p>\n<p style=\"text-align: justify;\">\u00abLOS NI\u00d1OS DE MINOR\u00cdAS HAN SIDO CAPTURADOS EN MUCHOS LUGARES (&#8230;), VENDIDOS EN EL MERCADO CON ETIQUETAS, CON PRECIOS SOBRE ELLOS&#8230; HAN SIDO VENDIDOS COMO ESCLAVOS\u00bb<br \/>\nLEA M\u00c1S: Qu\u00e9 tan isl\u00e1mico es el Estado Isl\u00e1mico<\/p>\n<p style=\"text-align: justify;\">El martes, el grupo difundi\u00f3 un video que mostraba c\u00f3mo un piloto jordano capturado era quemado vivo. El organismo de la ONU, que revis\u00f3 los antecedentes de Irak por primera vez desde 1998, denunci\u00f3 \u00abla matanza sistem\u00e1tica de ni\u00f1os pertenecientes a minor\u00edas religiosas y \u00e9tnicas por ISIS, incluyendo varios casos de ejecuciones masivas de ni\u00f1os, as\u00ed como reportes de decapitaciones, crucifixiones de ni\u00f1os y el entierro de ni\u00f1os vivos\u00bb.<\/p>\n<p style=\"text-align: justify;\">Un importante n\u00famero de menores han muerto o resultado gravemente heridos durante ataques a\u00e9reos o disparos de las fuerzas de seguridad iraqu\u00edes, mientras que otros perdieron la vida por \u00abdeshidrataci\u00f3n\u00bb, hambre y calor\u00bb, agreg\u00f3.<\/p>\n<p style=\"text-align: justify;\">ISIS cometi\u00f3 \u00abviolencia sexual sistem\u00e1tica\u00bb, que incluye \u00abel secuestro y esclavitud sexual de ni\u00f1os\u00bb, indic\u00f3. \u00abLos ni\u00f1os de minor\u00edas han sido capturados en muchos lugares (&#8230;), vendidos en el mercado con etiquetas, etiquetas con precios sobre ellos, han sido vendidos como esclavos\u00bb, dijo Winter.<\/p>\n<p style=\"text-align: justify;\">Los 18 expertos independientes que trabajaron en el reporte llamaron a las autoridades iraqu\u00edes a tomar todas las medidas necesarias para \u00abrescatar a los ni\u00f1os\u00bb bajo control del Estado Isl\u00e1mico y a procesar a los perpetradores de los delitos. \u00abEl deber de un Estado es proteger a todos sus ni\u00f1os. El punto es c\u00f3mo van a hacerlo en una situaci\u00f3n como \u00e9sta\u00bb, concluy\u00f3 Winter.<\/p>\n","protected":false},"excerpt":{"rendered":"<p>Cr\u00e9dito: Reuters. \u00abRealmente estamos profundamente preocupados por la tortura y el asesinato de esos ni\u00f1os, especialmente de aquellos pertenecientes a<\/p>\n","protected":false},"author":1,"featured_media":0,"comment_status":"open","ping_status":"open","sticky":false,"template":"","format":"standard","meta":{"footnotes":""},"categories":[7],"tags":[],"_links":{"self":[{"href":"https:\/\/www.ecuadoraldia.com.ec\/index.php?rest_route=\/wp\/v2\/posts\/7468"}],"collection":[{"href":"https:\/\/www.ecuadoraldia.com.ec\/index.php?rest_route=\/wp\/v2\/posts"}],"about":[{"href":"https:\/\/www.ecuadoraldia.com.ec\/index.php?rest_route=\/wp\/v2\/types\/post"}],"author":[{"embeddable":true,"href":"https:\/\/www.ecuadoraldia.com.ec\/index.php?rest_route=\/wp\/v2\/users\/1"}],"replies":[{"embeddable":true,"href":"https:\/\/www.ecuadoraldia.com.ec\/index.php?rest_route=%2Fwp%2Fv2%2Fcomments&post=7468"}],"version-history":[{"count":1,"href":"https:\/\/www.ecuadoraldia.com.ec\/index.php?rest_route=\/wp\/v2\/posts\/7468\/revisions"}],"predecessor-version":[{"id":7470,"href":"https:\/\/www.ecuadoraldia.com.ec\/index.php?rest_route=\/wp\/v2\/posts\/7468\/revisions\/7470"}],"wp:attachment":[{"href":"https:\/\/www.ecuadoraldia.com.ec\/index.php?rest_route=%2Fwp%2Fv2%2Fmedia&parent=7468"}],"wp:term":[{"taxonomy":"category","embeddable":true,"href":"https:\/\/www.ecuadoraldia.com.ec\/index.php?rest_route=%2Fwp%2Fv2%2Fcategories&post=7468"},{"taxonomy":"post_tag","embeddable":true,"href":"https:\/\/www.ecuadoraldia.com.ec\/index.php?rest_route=%2Fwp%2Fv2%2Ftags&post=7468"}],"curies":[{"name":"wp","href":"https:\/\/api.w.org\/{rel}","templated":true}]}}