{"id":7471,"date":"2015-02-04T23:50:25","date_gmt":"2015-02-04T23:50:25","guid":{"rendered":"http:\/\/www.ecuadoraldia.com.ec\/?p=7471"},"modified":"2015-02-04T23:50:25","modified_gmt":"2015-02-04T23:50:25","slug":"maduro-pide-a-la-unasur-ayuda-para-un-dialogo-con-los-eeuu","status":"publish","type":"post","link":"https:\/\/www.ecuadoraldia.com.ec\/?p=7471","title":{"rendered":"Maduro pide a la Unasur ayuda para un di\u00e1logo con los EEUU"},"content":{"rendered":"<p style=\"text-align: justify;\"><a href=\"http:\/\/www.ecuadoraldia.com.ec\/wp-content\/uploads\/2015\/02\/maduro.jpg\"><img loading=\"lazy\" decoding=\"async\" class=\"alignleft size-medium wp-image-7472\" src=\"http:\/\/www.ecuadoraldia.com.ec\/wp-content\/uploads\/2015\/02\/maduro-300x168.jpg\" alt=\"maduro\" width=\"300\" height=\"168\" srcset=\"https:\/\/www.ecuadoraldia.com.ec\/wp-content\/uploads\/2015\/02\/maduro-300x168.jpg 300w, https:\/\/www.ecuadoraldia.com.ec\/wp-content\/uploads\/2015\/02\/maduro.jpg 770w\" sizes=\"(max-width: 300px) 100vw, 300px\" \/><\/a>El objetivo de la reuni\u00f3n es atender a la petici\u00f3n que, seg\u00fan inform\u00f3 ayer Maduro, le hizo a Samper para que asuma una iniciativa diplom\u00e1tica y busque un mecanismo de di\u00e1logo con el gobierno de Estados Unidos. Maduro explic\u00f3 que ser\u00eda una medida \u00abpara buscar un mecanismo de di\u00e1logo para construir una diplomacia de paz, de entendimiento, para detener la agresi\u00f3n contra Venezuela\u00bb.<\/p>\n<p style=\"text-align: justify;\">Las relaciones entre Estados Unidos y Venezuela est\u00e1n en sus niveles m\u00ednimos, sin embajadores en las respectivas capitales desde hace a\u00f1os y con una serie de sanciones estadounidenses a funcionarios venezolanos vigentes.<\/p>\n<p style=\"text-align: justify;\">Samper, que fue presidente de Colombia de 1994 a 1998, no se ha pronunciado sobre la sorpresiva petici\u00f3n del presidente de Venezuela, que fue hecha el martes durante el relanzamiento de su programa de radio y televisi\u00f3n En contacto con Maduro.<\/p>\n<p style=\"text-align: justify;\">El mandatario venezolano dijo tambi\u00e9n que convers\u00f3 del asunto con el actual presidente pro t\u00e9mpore de la Comunidad de Estados Latinoamericanos y Caribe\u00f1os (Celac), Rafael Correa.<\/p>\n<p style=\"text-align: justify;\">El gobernante ecuatoriano le ofreci\u00f3 \u00abtodo el apoyo\u00bb para impulsar una iniciativa conjunta entre la presidencia temporal de la Celac y la Secretar\u00eda General de la Unasur para detener una supuesta conspiraci\u00f3n desde los EEUU contra Venezuela, seg\u00fan Maduro.<\/p>\n<p style=\"text-align: justify;\">\u00abPresidente (Barack) Obama, desde su gobierno se est\u00e1 apoyando un golpe de Estado contra el gobierno leg\u00edtimo que yo presido, se quiere un golpe de Estado cruento, que no lo han logrado ni lo lograr\u00e1n, pero como jefe de Estado y Gobierno, estoy en la obligaci\u00f3n de denunciarlo y de alertarlo a usted presidente Obama\u00bb, se\u00f1al\u00f3 Maduro.<\/p>\n<p style=\"text-align: justify;\">El lunes el Departamento de Estado norteamericano inform\u00f3 de la aprobaci\u00f3n de nuevas sanciones contra funcionarios y ex funcionarios del gobierno venezolano considerados por Washington \u00abresponsables o c\u00f3mplices\u00bb de violaciones de los derechos humanos.(EFE)<\/p>\n","protected":false},"excerpt":{"rendered":"<p>El objetivo de la reuni\u00f3n es atender a la petici\u00f3n que, seg\u00fan inform\u00f3 ayer Maduro, le hizo a Samper para<\/p>\n","protected":false},"author":1,"featured_media":0,"comment_status":"open","ping_status":"open","sticky":false,"template":"","format":"standard","meta":{"footnotes":""},"categories":[7],"tags":[],"_links":{"self":[{"href":"https:\/\/www.ecuadoraldia.com.ec\/index.php?rest_route=\/wp\/v2\/posts\/7471"}],"collection":[{"href":"https:\/\/www.ecuadoraldia.com.ec\/index.php?rest_route=\/wp\/v2\/posts"}],"about":[{"href":"https:\/\/www.ecuadoraldia.com.ec\/index.php?rest_route=\/wp\/v2\/types\/post"}],"author":[{"embeddable":true,"href":"https:\/\/www.ecuadoraldia.com.ec\/index.php?rest_route=\/wp\/v2\/users\/1"}],"replies":[{"embeddable":true,"href":"https:\/\/www.ecuadoraldia.com.ec\/index.php?rest_route=%2Fwp%2Fv2%2Fcomments&post=7471"}],"version-history":[{"count":1,"href":"https:\/\/www.ecuadoraldia.com.ec\/index.php?rest_route=\/wp\/v2\/posts\/7471\/revisions"}],"predecessor-version":[{"id":7473,"href":"https:\/\/www.ecuadoraldia.com.ec\/index.php?rest_route=\/wp\/v2\/posts\/7471\/revisions\/7473"}],"wp:attachment":[{"href":"https:\/\/www.ecuadoraldia.com.ec\/index.php?rest_route=%2Fwp%2Fv2%2Fmedia&parent=7471"}],"wp:term":[{"taxonomy":"category","embeddable":true,"href":"https:\/\/www.ecuadoraldia.com.ec\/index.php?rest_route=%2Fwp%2Fv2%2Fcategories&post=7471"},{"taxonomy":"post_tag","embeddable":true,"href":"https:\/\/www.ecuadoraldia.com.ec\/index.php?rest_route=%2Fwp%2Fv2%2Ftags&post=7471"}],"curies":[{"name":"wp","href":"https:\/\/api.w.org\/{rel}","templated":true}]}}