{"id":7484,"date":"2015-02-05T12:23:10","date_gmt":"2015-02-05T12:23:10","guid":{"rendered":"http:\/\/www.ecuadoraldia.com.ec\/?p=7484"},"modified":"2015-02-05T12:23:10","modified_gmt":"2015-02-05T12:23:10","slug":"suben-a-32-los-muertos-por-el-accidente-aereo-en-taiwan","status":"publish","type":"post","link":"https:\/\/www.ecuadoraldia.com.ec\/?p=7484","title":{"rendered":"Suben a 32 los muertos por el accidente a\u00e9reo en Taiw\u00e1n"},"content":{"rendered":"<p style=\"text-align: justify;\"><a href=\"http:\/\/www.ecuadoraldia.com.ec\/wp-content\/uploads\/2015\/02\/afp1484779.jpg\"><img loading=\"lazy\" decoding=\"async\" class=\"alignleft size-medium wp-image-7485\" src=\"http:\/\/www.ecuadoraldia.com.ec\/wp-content\/uploads\/2015\/02\/afp1484779-300x167.jpg\" alt=\"afp1484779\" width=\"300\" height=\"167\" srcset=\"https:\/\/www.ecuadoraldia.com.ec\/wp-content\/uploads\/2015\/02\/afp1484779-300x167.jpg 300w, https:\/\/www.ecuadoraldia.com.ec\/wp-content\/uploads\/2015\/02\/afp1484779.jpg 317w\" sizes=\"(max-width: 300px) 100vw, 300px\" \/><\/a>EFE. Aumentan a 31 los muertos por accidente a\u00e9reo en Taiw\u00e1n; hay 12 desaparecidos<\/p>\n<p style=\"text-align: justify;\">El siniestro de un avi\u00f3n de la taiwanesa TransAsia, ocurrido el mi\u00e9rcoles en Taipei (martes en Ecuador), ha causado al menos 32 muertos, 15 heridos y 12 desaparecidos, a quienes los equipos de rescate y salvamento siguen buscando, inform\u00f3 el Cuerpo de Bomberos de Taipei.<\/p>\n<p style=\"text-align: justify;\">Las operaciones de rescate no se interrumpieron en toda la noche, con la participaci\u00f3n de 20 efectivos y 40 submarinistas, y con m\u00e1s participantes desde el amanecer.<\/p>\n<p style=\"text-align: justify;\">Los cad\u00e1veres del piloto Liao Chien-tsung, del copiloto Liu Tzu-chung y del ingeniero de vuelos Hung Ping-chung, fueron hallados al filo de la medianoche del mi\u00e9rcoles, y despu\u00e9s del amanecer se recuper\u00f3 un cad\u00e1ver del r\u00edo, tras una noche de infructuosa b\u00fasqueda de supervivientes.<\/p>\n<p style=\"text-align: justify;\">El Consejo de Seguridad A\u00e9rea de Taiw\u00e1n anunci\u00f3 el mi\u00e9rcoles que expertos chinos participar\u00e1n en la investigaci\u00f3n del accidente, ya que 31 de los pasajeros del vuelo siniestrado eran chinos, en su mayor\u00eda procedentes de la ciudad de Xiamen, en la provincia de Fujian. De ellos, solo tres est\u00e1n en la lista de supervivientes.<\/p>\n<p style=\"text-align: justify;\">TransAsia desvel\u00f3 que uno de los motores del avi\u00f3n siniestrado, que fue revisado en enero de este a\u00f1o, fue cambiado en Macao por la empresa canadiense Pratt &amp; Whitney, antes de ser recibido en Taiw\u00e1n el 14 de abril del 2014.<\/p>\n<p style=\"text-align: justify;\">Internautas en Taiw\u00e1n alaban al piloto del avi\u00f3n siniestrado, Liao Chien-tsung, por haber evitado estrellarse en una zona urbana y haber logrado llegar hasta el r\u00edo Jilong.<\/p>\n<p style=\"text-align: justify;\">El aparato -con 58 personas a bordo, entre ellas cinco tripulantes y dos menores- se precipit\u00f3 al r\u00edo tras perder altura por causas desconocidas y golpear un viaducto, pocos minutos despu\u00e9s de despegar con direcci\u00f3n a la isla de Kinmen, a escasos kil\u00f3metros de la costa china.<\/p>\n<p style=\"text-align: justify;\">En las sorprendentes im\u00e1genes que recogieron conductores que circulaban por la autov\u00eda que cruza el puente con el que se choc\u00f3 el aparato, se puede ver c\u00f3mo el avi\u00f3n, un bimotor turboh\u00e9lice ATR-72 de fabricaci\u00f3n franco-italiana, realiza un giro brusco para intentar esquivar los edificios en su ca\u00edda.<\/p>\n<p style=\"text-align: justify;\">La Administraci\u00f3n de Aviaci\u00f3n Civil de Taiw\u00e1n prohibi\u00f3 a TransAsia realizar vuelos con aparatos del tipo siniestrado hoy y la aerol\u00ednea ha comenzado a revisar los motores de todas sus aeronaves ATR, dijo el presidente de la compa\u00f1\u00eda, Paul Chen, en rueda de prensa, quien prometi\u00f3 cooperar plenamente con la investigaci\u00f3n.<\/p>\n<p style=\"text-align: justify;\">Las dos cajas negras -el registrador de datos de vuelo y la grabadora de voz de la cabina- se recuperaron despu\u00e9s de bajar la marea y ser\u00e1n analizadas para establecer las causas del accidente, indic\u00f3 la Administraci\u00f3n de Aviaci\u00f3n Civil de la isla.<\/p>\n<p style=\"text-align: justify;\">Se sabe que el piloto hizo tres llamadas de socorro a la torre de control del aeropuerto Songshan de Taip\u00e9i y que el aparato, en lugar de girar inmediatamente hacia el sur despu\u00e9s de despegar, vol\u00f3 en l\u00ednea recta y perdi\u00f3 altura hasta tocar en un paso elevado y un taxi para precipitarse a continuaci\u00f3n sobre el r\u00edo.<\/p>\n","protected":false},"excerpt":{"rendered":"<p>EFE. Aumentan a 31 los muertos por accidente a\u00e9reo en Taiw\u00e1n; hay 12 desaparecidos El siniestro de un avi\u00f3n de<\/p>\n","protected":false},"author":1,"featured_media":0,"comment_status":"open","ping_status":"open","sticky":false,"template":"","format":"standard","meta":{"footnotes":""},"categories":[7],"tags":[],"_links":{"self":[{"href":"https:\/\/www.ecuadoraldia.com.ec\/index.php?rest_route=\/wp\/v2\/posts\/7484"}],"collection":[{"href":"https:\/\/www.ecuadoraldia.com.ec\/index.php?rest_route=\/wp\/v2\/posts"}],"about":[{"href":"https:\/\/www.ecuadoraldia.com.ec\/index.php?rest_route=\/wp\/v2\/types\/post"}],"author":[{"embeddable":true,"href":"https:\/\/www.ecuadoraldia.com.ec\/index.php?rest_route=\/wp\/v2\/users\/1"}],"replies":[{"embeddable":true,"href":"https:\/\/www.ecuadoraldia.com.ec\/index.php?rest_route=%2Fwp%2Fv2%2Fcomments&post=7484"}],"version-history":[{"count":1,"href":"https:\/\/www.ecuadoraldia.com.ec\/index.php?rest_route=\/wp\/v2\/posts\/7484\/revisions"}],"predecessor-version":[{"id":7486,"href":"https:\/\/www.ecuadoraldia.com.ec\/index.php?rest_route=\/wp\/v2\/posts\/7484\/revisions\/7486"}],"wp:attachment":[{"href":"https:\/\/www.ecuadoraldia.com.ec\/index.php?rest_route=%2Fwp%2Fv2%2Fmedia&parent=7484"}],"wp:term":[{"taxonomy":"category","embeddable":true,"href":"https:\/\/www.ecuadoraldia.com.ec\/index.php?rest_route=%2Fwp%2Fv2%2Fcategories&post=7484"},{"taxonomy":"post_tag","embeddable":true,"href":"https:\/\/www.ecuadoraldia.com.ec\/index.php?rest_route=%2Fwp%2Fv2%2Ftags&post=7484"}],"curies":[{"name":"wp","href":"https:\/\/api.w.org\/{rel}","templated":true}]}}