{"id":7489,"date":"2015-02-06T01:53:19","date_gmt":"2015-02-06T01:53:19","guid":{"rendered":"http:\/\/www.ecuadoraldia.com.ec\/?p=7489"},"modified":"2015-02-06T01:53:19","modified_gmt":"2015-02-06T01:53:19","slug":"ecuador-registro-una-inflacion-mensual-de-059-en-enero","status":"publish","type":"post","link":"https:\/\/www.ecuadoraldia.com.ec\/?p=7489","title":{"rendered":"Ecuador registr\u00f3 una inflaci\u00f3n mensual de 0,59% en enero"},"content":{"rendered":"<p style=\"text-align: justify;\"><a href=\"http:\/\/www.ecuadoraldia.com.ec\/wp-content\/uploads\/2015\/02\/INFLACION.jpg\"><img loading=\"lazy\" decoding=\"async\" class=\"alignleft size-medium wp-image-7490\" src=\"http:\/\/www.ecuadoraldia.com.ec\/wp-content\/uploads\/2015\/02\/INFLACION-300x198.jpg\" alt=\"INFLACION\" width=\"300\" height=\"198\" srcset=\"https:\/\/www.ecuadoraldia.com.ec\/wp-content\/uploads\/2015\/02\/INFLACION-300x198.jpg 300w, https:\/\/www.ecuadoraldia.com.ec\/wp-content\/uploads\/2015\/02\/INFLACION.jpg 450w\" sizes=\"(max-width: 300px) 100vw, 300px\" \/><\/a>Ecuador registr\u00f3 una inflaci\u00f3n mensual de 0,59% en enero del 2015 frente al 0,72% del mismo mes del 2014, seg\u00fan el \u00faltimo reporte del \u00cdndice de Precios al Consumidor (IPC), publicado por el Instituto Nacional de Estad\u00edstica y Censos (INEC).<\/p>\n<p style=\"text-align: justify;\">En el primer mes del a\u00f1o, el pa\u00eds registr\u00f3 una inflaci\u00f3n anual de 3,53% en comparaci\u00f3n al 2,92% que alcanz\u00f3 en enero del 2014.<\/p>\n<p style=\"text-align: justify;\">Manta es la ciudad con la inflaci\u00f3n mensual m\u00e1s alta con el 1,14%, seguida de Loja con el 1,12%. Mientras, Santo Domingo (ciudad que se incorpora a la medici\u00f3n del IPC con el cambio de base del IPC) y Machala son las que menos inflaci\u00f3n tienen con el 0,22% y 0,38% respectivamente.<\/p>\n<p style=\"text-align: justify;\">La canasta b\u00e1sica se ubic\u00f3 en $ 653,21, mientras el ingreso familiar mensual con 1,6 perceptores es de<br \/>\n$ 660,80, lo que signific\u00f3 un super\u00e1vit de $ 7,59.<\/p>\n<p style=\"text-align: justify;\">Conjuntamente con el reporte de inflaci\u00f3n del mes, el INEC present\u00f3 la serie empalmada del IPC que permite la comparaci\u00f3n hist\u00f3rica de la misma, respetando las variaciones mensuales, anuales y acumuladas del indicador. El empalme de la serie se puede encontrar en el siguiente link: http:\/\/www.ecuadorencifras.gob.ec\/historicos-ipc\/<\/p>\n","protected":false},"excerpt":{"rendered":"<p>Ecuador registr\u00f3 una inflaci\u00f3n mensual de 0,59% en enero del 2015 frente al 0,72% del mismo mes del 2014, seg\u00fan<\/p>\n","protected":false},"author":1,"featured_media":0,"comment_status":"open","ping_status":"open","sticky":false,"template":"","format":"standard","meta":{"footnotes":""},"categories":[1],"tags":[],"_links":{"self":[{"href":"https:\/\/www.ecuadoraldia.com.ec\/index.php?rest_route=\/wp\/v2\/posts\/7489"}],"collection":[{"href":"https:\/\/www.ecuadoraldia.com.ec\/index.php?rest_route=\/wp\/v2\/posts"}],"about":[{"href":"https:\/\/www.ecuadoraldia.com.ec\/index.php?rest_route=\/wp\/v2\/types\/post"}],"author":[{"embeddable":true,"href":"https:\/\/www.ecuadoraldia.com.ec\/index.php?rest_route=\/wp\/v2\/users\/1"}],"replies":[{"embeddable":true,"href":"https:\/\/www.ecuadoraldia.com.ec\/index.php?rest_route=%2Fwp%2Fv2%2Fcomments&post=7489"}],"version-history":[{"count":1,"href":"https:\/\/www.ecuadoraldia.com.ec\/index.php?rest_route=\/wp\/v2\/posts\/7489\/revisions"}],"predecessor-version":[{"id":7491,"href":"https:\/\/www.ecuadoraldia.com.ec\/index.php?rest_route=\/wp\/v2\/posts\/7489\/revisions\/7491"}],"wp:attachment":[{"href":"https:\/\/www.ecuadoraldia.com.ec\/index.php?rest_route=%2Fwp%2Fv2%2Fmedia&parent=7489"}],"wp:term":[{"taxonomy":"category","embeddable":true,"href":"https:\/\/www.ecuadoraldia.com.ec\/index.php?rest_route=%2Fwp%2Fv2%2Fcategories&post=7489"},{"taxonomy":"post_tag","embeddable":true,"href":"https:\/\/www.ecuadoraldia.com.ec\/index.php?rest_route=%2Fwp%2Fv2%2Ftags&post=7489"}],"curies":[{"name":"wp","href":"https:\/\/api.w.org\/{rel}","templated":true}]}}