{"id":7495,"date":"2015-02-06T01:56:52","date_gmt":"2015-02-06T01:56:52","guid":{"rendered":"http:\/\/www.ecuadoraldia.com.ec\/?p=7495"},"modified":"2015-02-06T01:56:52","modified_gmt":"2015-02-06T01:56:52","slug":"eliminacion-de-salvaguardias-permitira-a-ecuador-exportar-80-mil-toneladas-de-arroz-a-colombia","status":"publish","type":"post","link":"https:\/\/www.ecuadoraldia.com.ec\/?p=7495","title":{"rendered":"Eliminaci\u00f3n de salvaguardias permitir\u00e1 a Ecuador exportar 80 mil toneladas de arroz a Colombia"},"content":{"rendered":"<p style=\"text-align: justify;\"><a href=\"http:\/\/www.ecuadoraldia.com.ec\/wp-content\/uploads\/2015\/02\/arroz.jpg\"><img loading=\"lazy\" decoding=\"async\" class=\"alignleft size-full wp-image-7496\" src=\"http:\/\/www.ecuadoraldia.com.ec\/wp-content\/uploads\/2015\/02\/arroz.jpg\" alt=\"arroz\" width=\"240\" height=\"180\" \/><\/a>Quito, 05 feb (Andes).- La eliminaci\u00f3n de la salvaguardia cambiaria del 21% de los productos que se importan desde Colombia permitir\u00e1 exportar desde Ecuador 80 mil toneladas de arroz blanco durante 2015, as\u00ed lo inform\u00f3 esta tarde el ministro de Comercio Exterior, Francisco Rivadeneira.<\/p>\n<p style=\"text-align: justify;\">En rueda de prensa realizada la tarde de este jueves, el ministro indic\u00f3 que se ha logrado que Colombia se comprometa a \u201cabrirle un cupo de 80 mil toneladas de arroz blanco al Ecuador\u201d. Seg\u00fan \u00e9l, eso se encuentra dentro del concepto que tiene Colombia de ayudar al Ecuador a exportar m\u00e1s a su mercado, debido al important\u00edsimo d\u00e9ficit comercial que tenemos con ellos\u201d.<\/p>\n<p style=\"text-align: justify;\">El ministro inform\u00f3 que eso representar\u00eda aproximadamente 70 mil millones de d\u00f3lares m\u00e1s en exportaciones que el Ecuador tendr\u00eda en este a\u00f1o con el arroz. Ese acuerdo se logr\u00f3 despu\u00e9s de la reuni\u00f3n que mantuvieron el pasado martes los viceministros de Comercio Exterior de Colombia, Mariana Sarasti, y de Ecuador, Genaro Balde\u00f3n.<\/p>\n<p style=\"text-align: justify;\">En la cita entre ambos viceministros se defini\u00f3 tambi\u00e9n un conjunto de lineamientos t\u00e9cnicos para facilitar el comercio entre ambos pa\u00edses y \u201casegurar la calidad de los productos\u201d.<\/p>\n<p style=\"text-align: justify;\">Otro de los acuerdos a los que se lleg\u00f3 con Colombia fue \u201crealizar gestiones para eliminar la discriminaci\u00f3n respecto del impuesto a las ventas de los cuadernos tipo escolar y el tributo a la comercializaci\u00f3n de biodisel, derivado de la palma africana para garantizar la exportaci\u00f3n de ese producto\u201d.<\/p>\n<p style=\"text-align: justify;\">Rivadeneira tambi\u00e9n inform\u00f3 que se discuti\u00f3 sobre el ingreso de derivados del pollo a ese pa\u00eds. \u201cse va a hacer todo lo necesario para definir los procesos de car\u00e1cter sanitario a los derivados de pollo para que puedan acceder inmediatamente al mercado colombiano\u201d, enfatiz\u00f3.<\/p>\n<p style=\"text-align: justify;\">En total son m\u00e1s de 977 productos, entre materias primas y bienes de capital, que se importan desde Colombia y que ingresan al pa\u00eds sin pagar aranceles. Seg\u00fan el ministro la medida servir\u00eda para \u201cno afectar de forma desproporcionada a los vecinos del norte\u201d.<\/p>\n<p style=\"text-align: justify;\">En la ma\u00f1ana de este jueves, despu\u00e9s de una reuni\u00f3n que mantuvieron los ministros de los sectores productivo y comercial de Ecuador con el presidente Rafael Correa, en las instalaciones de la Vicepresidencia, se conoci\u00f3 que la medida se tom\u00f3 para \u201csalvaguardar la industria nacional\u201d.<\/p>\n<p style=\"text-align: justify;\">Desde el 5 de enero pasado, el gobierno ecuatoriano impuso una salvaguardia de 21% para las importaciones desde Colombia y de 7% para las de Per\u00fa como medida para enfrentar las devaluaciones de las monedas de esos pa\u00edses con respecto al d\u00f3lar.<\/p>\n<p style=\"text-align: justify;\">Desde Colombia se importa a Ecuador materiales para la industria pl\u00e1stica, industria del papel, pulpas, entre otras. En 2013, las importaciones desde ese pa\u00eds superaron los 2.200 millones de d\u00f3lares y desde Per\u00fa sumaron casi 1.100 millones de d\u00f3lares.<\/p>\n<p style=\"text-align: justify;\">Seg\u00fan el viceministro, Genaro Balde\u00f3n, \u201ctodas las materias primas y bienes de capital del Per\u00fa tambi\u00e9n quedan exclu\u00eddas\u201d. Explic\u00f3 que para el pa\u00eds del sur eso representa aproximadamente el 70% de las importaciones, mientras que para Colombia representa el 50% del comercio.<\/p>\n<p style=\"text-align: justify;\">Adem\u00e1s, con respecto a ese pa\u00eds el ministro indic\u00f3 que \u201cuna vez cerrada la discusi\u00f3n esperar\u00edamos que el Per\u00fa nos ayude con las famosas dudas de origen que nos puso con respecto a productos de l\u00ednea blanca o calzado que produce Ecuador y que exporta a ese mercado\u201d.<\/p>\n<p style=\"text-align: justify;\">B\u00fasqueda de mecanismo multilateral<\/p>\n<p style=\"text-align: justify;\">El gobierno tambi\u00e9n est\u00e1 pensando en la posibilidad de aplicar salvaguardias a los productos que vienen de otros pa\u00edses.<\/p>\n<p style=\"text-align: justify;\">En declaraciones a la prensa la ma\u00f1ana de este jueves, el ministro Rivadeneira explic\u00f3 que \u201cestamos analizando un mecanismo que sea de car\u00e1cter multilateral de tal manera que se eliminen estas distorsiones que genera la salvaguardia por tipo de cambio y que solo afecta a los socios de la Comunidad Andina (de Naciones, CAN), pero no a otros como, vuelvo a insistir, Mercosur (Mercado Com\u00fan del Sur), Chile y otros pa\u00edses con los cuales tenemos acuerdo comercial y que tiene las mismas condiciones de acceso el Ecuador que los pa\u00edses miembros de la CAN\u00bb. (ANDES)<\/p>\n","protected":false},"excerpt":{"rendered":"<p>Quito, 05 feb (Andes).- La eliminaci\u00f3n de la salvaguardia cambiaria del 21% de los productos que se importan desde Colombia<\/p>\n","protected":false},"author":1,"featured_media":0,"comment_status":"open","ping_status":"open","sticky":false,"template":"","format":"standard","meta":{"footnotes":""},"categories":[9,3],"tags":[],"_links":{"self":[{"href":"https:\/\/www.ecuadoraldia.com.ec\/index.php?rest_route=\/wp\/v2\/posts\/7495"}],"collection":[{"href":"https:\/\/www.ecuadoraldia.com.ec\/index.php?rest_route=\/wp\/v2\/posts"}],"about":[{"href":"https:\/\/www.ecuadoraldia.com.ec\/index.php?rest_route=\/wp\/v2\/types\/post"}],"author":[{"embeddable":true,"href":"https:\/\/www.ecuadoraldia.com.ec\/index.php?rest_route=\/wp\/v2\/users\/1"}],"replies":[{"embeddable":true,"href":"https:\/\/www.ecuadoraldia.com.ec\/index.php?rest_route=%2Fwp%2Fv2%2Fcomments&post=7495"}],"version-history":[{"count":1,"href":"https:\/\/www.ecuadoraldia.com.ec\/index.php?rest_route=\/wp\/v2\/posts\/7495\/revisions"}],"predecessor-version":[{"id":7497,"href":"https:\/\/www.ecuadoraldia.com.ec\/index.php?rest_route=\/wp\/v2\/posts\/7495\/revisions\/7497"}],"wp:attachment":[{"href":"https:\/\/www.ecuadoraldia.com.ec\/index.php?rest_route=%2Fwp%2Fv2%2Fmedia&parent=7495"}],"wp:term":[{"taxonomy":"category","embeddable":true,"href":"https:\/\/www.ecuadoraldia.com.ec\/index.php?rest_route=%2Fwp%2Fv2%2Fcategories&post=7495"},{"taxonomy":"post_tag","embeddable":true,"href":"https:\/\/www.ecuadoraldia.com.ec\/index.php?rest_route=%2Fwp%2Fv2%2Ftags&post=7495"}],"curies":[{"name":"wp","href":"https:\/\/api.w.org\/{rel}","templated":true}]}}