{"id":7504,"date":"2015-02-10T12:26:10","date_gmt":"2015-02-10T12:26:10","guid":{"rendered":"http:\/\/www.ecuadoraldia.com.ec\/?p=7504"},"modified":"2015-02-10T12:26:10","modified_gmt":"2015-02-10T12:26:10","slug":"ecuador-redujo-al-22-la-pobreza-al-cerrar-2014-video","status":"publish","type":"post","link":"https:\/\/www.ecuadoraldia.com.ec\/?p=7504","title":{"rendered":"Ecuador redujo al 22% la pobreza al cerrar 2014 (V\u00cdDEO)"},"content":{"rendered":"<p style=\"text-align: justify;\"><a href=\"http:\/\/www.ecuadoraldia.com.ec\/wp-content\/uploads\/2015\/02\/images.jpg\"><img loading=\"lazy\" decoding=\"async\" class=\"alignleft size-medium wp-image-7505\" src=\"http:\/\/www.ecuadoraldia.com.ec\/wp-content\/uploads\/2015\/02\/images-300x162.jpg\" alt=\"images\" width=\"300\" height=\"162\" srcset=\"https:\/\/www.ecuadoraldia.com.ec\/wp-content\/uploads\/2015\/02\/images-300x162.jpg 300w, https:\/\/www.ecuadoraldia.com.ec\/wp-content\/uploads\/2015\/02\/images.jpg 305w\" sizes=\"(max-width: 300px) 100vw, 300px\" \/><\/a>Pomasqui (Pichincha).- La reducci\u00f3n de la pobreza en el pa\u00eds alcanz\u00f3 un 22 por ciento al finalizar el 2014. La cifra es resultado de las pol\u00edticas econ\u00f3micas adoptadas por el gobierno de la Revoluci\u00f3n Ciudadana. Estos datos se conocieron en el segmento Ecuador en Positivo, transmitido durante el Enlace Ciudadano 410.<\/p>\n<p style=\"text-align: justify;\">En el 2007, al inicio del gobierno del presidente de la Rep\u00fablica, Rafael Correa, la pobreza alcanz\u00f3 el 37 por ciento, misma que disminuy\u00f3 15 puntos al concluir el 2014, lo que significa que miles de familias ecuatorianas mejoraron notablemente su calidad de vida. Asimismo, Ecuador cerr\u00f3 el 2014, con una tasa de desempleo del 3,8 por ciento, la m\u00e1s baja de Am\u00e9rica Latina.<\/p>\n<p style=\"text-align: justify;\">En lo que respecta a pobreza extrema, que en 2007 alcanz\u00f3 16 puntos, al finalizar el 2014 la tasa se situ\u00f3 en 7,65 por ciento; es decir se redujo en m\u00e1s del 50. De acuerdo al Instituto Nacional de Estad\u00edsticas y Censos (Inec), las provincias de: Pichincha, Azuay, El Oro, Guayas, Santo Domingo, Tungurahua y Cotopaxi, registran un \u00edndice de pobreza menor que el promedio nacional.<br \/>\n<iframe loading=\"lazy\" width=\"800\" height=\"600\" src=\"https:\/\/www.youtube.com\/embed\/5pxr-dcK2gI?feature=oembed\" frameborder=\"0\" allowfullscreen><\/iframe><br \/>\nEl Jede de Estado expres\u00f3 que la reducci\u00f3n de la pobreza es el mejor indicador de la calidad de pol\u00edticas econ\u00f3micas aplicadas en un pa\u00eds en v\u00edas de desarrollo. \u201cSomos de los pa\u00edses de Am\u00e9rica Latina que m\u00e1s reduce pobreza (\u2026) si todo marcha bien en 2017, entregaremos el pa\u00eds con 3 por ciento de pobreza absoluta\u201d, asegur\u00f3.<\/p>\n<p style=\"text-align: justify;\">No obstante, dijo que si bien es cierto que la pobreza absoluta en la Amazon\u00eda ecuatoriana ha disminuido considerablemente, el \u00edndice se ubica en el 22 por ciento, lo que significa m\u00e1s del triple que el resto del pa\u00eds, lo cual evidencia c\u00f3mo dicha regi\u00f3n fue excluida permanente. Explic\u00f3 que aunque porcentualmente es la regi\u00f3n que muestra m\u00e1s pobreza, dicha cifra representa apenas el 5 por ciento de la poblaci\u00f3n ecuatoriana.<\/p>\n<p style=\"text-align: justify;\">\u201cDebe ser un desaf\u00edo para todos nosotros, que la primera regi\u00f3n en la que se elimine la pobreza absoluta sea la Amazon\u00eda, pero aqu\u00ed est\u00e1n las verdaderas muestras de la calidad de pol\u00edticas econ\u00f3micas\u201d, expres\u00f3 el Jefe de Estado. LI\/El Ciudadana<\/p>\n","protected":false},"excerpt":{"rendered":"<p>Pomasqui (Pichincha).- La reducci\u00f3n de la pobreza en el pa\u00eds alcanz\u00f3 un 22 por ciento al finalizar el 2014. La<\/p>\n","protected":false},"author":1,"featured_media":0,"comment_status":"open","ping_status":"open","sticky":false,"template":"","format":"standard","meta":{"footnotes":""},"categories":[4],"tags":[],"_links":{"self":[{"href":"https:\/\/www.ecuadoraldia.com.ec\/index.php?rest_route=\/wp\/v2\/posts\/7504"}],"collection":[{"href":"https:\/\/www.ecuadoraldia.com.ec\/index.php?rest_route=\/wp\/v2\/posts"}],"about":[{"href":"https:\/\/www.ecuadoraldia.com.ec\/index.php?rest_route=\/wp\/v2\/types\/post"}],"author":[{"embeddable":true,"href":"https:\/\/www.ecuadoraldia.com.ec\/index.php?rest_route=\/wp\/v2\/users\/1"}],"replies":[{"embeddable":true,"href":"https:\/\/www.ecuadoraldia.com.ec\/index.php?rest_route=%2Fwp%2Fv2%2Fcomments&post=7504"}],"version-history":[{"count":1,"href":"https:\/\/www.ecuadoraldia.com.ec\/index.php?rest_route=\/wp\/v2\/posts\/7504\/revisions"}],"predecessor-version":[{"id":7506,"href":"https:\/\/www.ecuadoraldia.com.ec\/index.php?rest_route=\/wp\/v2\/posts\/7504\/revisions\/7506"}],"wp:attachment":[{"href":"https:\/\/www.ecuadoraldia.com.ec\/index.php?rest_route=%2Fwp%2Fv2%2Fmedia&parent=7504"}],"wp:term":[{"taxonomy":"category","embeddable":true,"href":"https:\/\/www.ecuadoraldia.com.ec\/index.php?rest_route=%2Fwp%2Fv2%2Fcategories&post=7504"},{"taxonomy":"post_tag","embeddable":true,"href":"https:\/\/www.ecuadoraldia.com.ec\/index.php?rest_route=%2Fwp%2Fv2%2Ftags&post=7504"}],"curies":[{"name":"wp","href":"https:\/\/api.w.org\/{rel}","templated":true}]}}