{"id":7507,"date":"2015-02-11T13:14:42","date_gmt":"2015-02-11T13:14:42","guid":{"rendered":"http:\/\/www.ecuadoraldia.com.ec\/?p=7507"},"modified":"2015-02-11T13:14:42","modified_gmt":"2015-02-11T13:14:42","slug":"informe-del-cordicom-marcara-el-proceso-bonil","status":"publish","type":"post","link":"https:\/\/www.ecuadoraldia.com.ec\/?p=7507","title":{"rendered":"Informe del Cordicom marcar\u00e1 el proceso \u2018Bonil\u2019"},"content":{"rendered":"<p style=\"text-align: justify;\"><a href=\"http:\/\/www.ecuadoraldia.com.ec\/wp-content\/uploads\/2015\/02\/bonil.jpg\"><img loading=\"lazy\" decoding=\"async\" class=\"alignleft size-full wp-image-7508\" src=\"http:\/\/www.ecuadoraldia.com.ec\/wp-content\/uploads\/2015\/02\/bonil.jpg\" alt=\"bonil\" width=\"286\" height=\"218\" \/><\/a>El caso podr\u00eda pasar a la justicia penal. Si la Superintendencia de Comunicaci\u00f3n (Supercom) determina que la caricatura de Bonil es discriminatoria, \u00e9l y el diario El Universo, que la public\u00f3, podr\u00edan ser juzgados por ese delito. La ley de medios establece que, si se impone una sanci\u00f3n por esta infracci\u00f3n, debe remitirse el expediente a la Fiscal\u00eda para su investigaci\u00f3n. La pena es de uno a tres a\u00f1os de c\u00e1rcel. No fue algo que se mencionara durante la audiencia de ayer. Pero Alodia Borja, representante de las 17 organizaciones afroecuatorianas que plantearon la denuncia contra la vi\u00f1eta, no lo descart\u00f3 una vez terminada la diligencia. Todo comenz\u00f3 con una caricatura. El 5 de agosto del 2014, El Universo public\u00f3 un dibujo de Bonil en el que se hace alusi\u00f3n a los problemas de lectura en voz alta del asamble\u00edsta y exfutbolista Agust\u00edn Delgado durante una sesi\u00f3n del Pleno. Las organizaciones afroecuatorianas lo acusan de discriminatoria ante la Supercom. Borja no actu\u00f3 -seg\u00fan dijo- en representaci\u00f3n de Delgado, sino a nombre del pueblo afroecuatoriano. \u201cEl se\u00f1or Bonil (en su caricatura) no se est\u00e1 refiriendo solamente a su riqueza econ\u00f3mica, sino a la espiritual\u201d, asegur\u00f3 con respecto al uso de las palabras \u201cpobret\u00edn\u201d y \u201cpobret\u00f3n\u201d en la vi\u00f1eta. Su discurso se centr\u00f3 en la historia de lucha del pueblo afroecuatoriano por el respeto de sus derechos y en el \u201cmenoscabo\u201d de estos, que se habr\u00eda hecho a trav\u00e9s del dibujo. A pesar de que en este caso, Borja se refiri\u00f3 a discriminaci\u00f3n racial, el Consejo de Regulaci\u00f3n de la Informaci\u00f3n y Comunicaci\u00f3n (Cordicom) no lo determin\u00f3 as\u00ed. En un informe emitido por esta entidad se concluye que la caricatura s\u00ed es discriminatoria pero por motivos \u201csocioecon\u00f3micos\u201d. Este informe es clave en el proceso, pues el art\u00edculo 63 de la Ley de Comunicaci\u00f3n determina que es el informe del Cordicom el \u00fanico criterio v\u00e1lido para calificar un contenido como discriminatorio. &#8216;Bonil&#8217; llama a combatir odio desde el humor Dos horas dur\u00f3 la audiencia contra &#8216;Bonil&#8217; en la Supercom Ciudadanos apoyaron a &#8216;Bonil&#8217; en las afueras de la Supercom Bonil, nominado a premio por la libertad de expresi\u00f3n Pero en este caso, la defensa de El Universo y la de Bonil argument\u00f3 que nunca fue notificada por la Supercom con este informe, lo cual interfiere con el derecho a la defensa, establecido en la Constituci\u00f3n. Para Ramiro Garc\u00eda Falcon\u00ed, uno de los abogados de Bonil, no se puede acusarlos de dos infracciones diferentes y no notificarles con una de ellas porque necesitaban, para la audiencia de ayer, conocer todos los argumentos para rebatirlos. A El Universo s\u00ed le fue entregado el informe, por petici\u00f3n del diario al Cordicom, el jueves pasado. Este fue elaborado por la Direcci\u00f3n de Evaluaci\u00f3n del Contenido de la entidad. \u201cMucho antes de que la denuncia fuera presentada, los representantes del Cordicom ya adelantaron criterios al decir que la vi\u00f1eta es discriminatoria en entrevistas y redes sociales\u201d, asegur\u00f3 Pedro Valverde, abogado del peri\u00f3dico. Sin embargo, la parte acusatoria no habla de ese informe. Habla de la discriminaci\u00f3n que existe en la sociedad, del derecho a ser tratados como iguales y de sus derechos. Y del control en los medios: \u201cSi El Universo no hubiera publicado la caricatura, no hubiera habido las reacciones (cr\u00edticas y mensajes de odio)\u201d, se\u00f1ala Borja. Pero para Lenin Hurtado, exasamble\u00edsta constituyente y otro de los abogados de Bonil, denuncias como la de este caso ayudan a \u201cbanalizar\u201d la lucha contra la discriminaci\u00f3n que su pueblo (tambi\u00e9n es afroecuatoriano) ha emprendido. Sostiene que el dibujo no hace referencia a una etnia o color de piel. Bonil no habl\u00f3 durante la audiencia. Al finalizar la diligencia, se ratific\u00f3 en que su cr\u00edtica no fue al asamble\u00edsta por su color de piel o el dinero que tenga o no, sino al funcionario representante en el Legislativo y su falta de preparaci\u00f3n. Por ello, llev\u00f3 unos lentes gigantes de cart\u00f3n para los funcionarios del Cordicom, que no estuvieron en la audiencia. \u201cLes traje este regalo porque siempre se hacen de la vista gorda\u201d, dijo. Durante toda la audiencia, se escucharon los pitos de los carros y los gritos de los simpatizantes del caricaturista, que se dieron cita desde temprano pero no lograron ingresar hasta la sala de audiencias. Tambi\u00e9n, un grupo de afroecuatorianos lleg\u00f3 con carteles, en los que pidieron l\u00edmites para el humor. Seg\u00fan establece el Reglamento para el procesamiento de sanciones administrativas, una vez que se ha concluido la audiencia, la Supercom deber\u00e1 emitir una resoluci\u00f3n en un plazo m\u00e1ximo de tres d\u00edas laborables, es decir hasta el viernes. En contexto El caricaturista Bonil enfrenta su segundo proceso en la Supercom. En enero del 2014, ya fue sancionado con la rectificaci\u00f3n de un dibujo que hac\u00eda referencia al allanamiento de la vivienda del activista pol\u00edtico Fernando Villavicencio. El Universo tambi\u00e9n recibi\u00f3 una multa. ElComercio.com<\/p>\n","protected":false},"excerpt":{"rendered":"<p>El caso podr\u00eda pasar a la justicia penal. Si la Superintendencia de Comunicaci\u00f3n (Supercom) determina que la caricatura de Bonil<\/p>\n","protected":false},"author":1,"featured_media":0,"comment_status":"open","ping_status":"open","sticky":false,"template":"","format":"standard","meta":{"footnotes":""},"categories":[1],"tags":[],"_links":{"self":[{"href":"https:\/\/www.ecuadoraldia.com.ec\/index.php?rest_route=\/wp\/v2\/posts\/7507"}],"collection":[{"href":"https:\/\/www.ecuadoraldia.com.ec\/index.php?rest_route=\/wp\/v2\/posts"}],"about":[{"href":"https:\/\/www.ecuadoraldia.com.ec\/index.php?rest_route=\/wp\/v2\/types\/post"}],"author":[{"embeddable":true,"href":"https:\/\/www.ecuadoraldia.com.ec\/index.php?rest_route=\/wp\/v2\/users\/1"}],"replies":[{"embeddable":true,"href":"https:\/\/www.ecuadoraldia.com.ec\/index.php?rest_route=%2Fwp%2Fv2%2Fcomments&post=7507"}],"version-history":[{"count":1,"href":"https:\/\/www.ecuadoraldia.com.ec\/index.php?rest_route=\/wp\/v2\/posts\/7507\/revisions"}],"predecessor-version":[{"id":7509,"href":"https:\/\/www.ecuadoraldia.com.ec\/index.php?rest_route=\/wp\/v2\/posts\/7507\/revisions\/7509"}],"wp:attachment":[{"href":"https:\/\/www.ecuadoraldia.com.ec\/index.php?rest_route=%2Fwp%2Fv2%2Fmedia&parent=7507"}],"wp:term":[{"taxonomy":"category","embeddable":true,"href":"https:\/\/www.ecuadoraldia.com.ec\/index.php?rest_route=%2Fwp%2Fv2%2Fcategories&post=7507"},{"taxonomy":"post_tag","embeddable":true,"href":"https:\/\/www.ecuadoraldia.com.ec\/index.php?rest_route=%2Fwp%2Fv2%2Ftags&post=7507"}],"curies":[{"name":"wp","href":"https:\/\/api.w.org\/{rel}","templated":true}]}}