{"id":7510,"date":"2015-02-11T13:16:59","date_gmt":"2015-02-11T13:16:59","guid":{"rendered":"http:\/\/www.ecuadoraldia.com.ec\/?p=7510"},"modified":"2015-02-11T13:16:59","modified_gmt":"2015-02-11T13:16:59","slug":"cantones-urdaneta-y-montalvo-declarados-en-emergencia","status":"publish","type":"post","link":"https:\/\/www.ecuadoraldia.com.ec\/?p=7510","title":{"rendered":"Cantones Urdaneta y Montalvo declarados en emergencia"},"content":{"rendered":"<p style=\"text-align: justify;\"><a href=\"http:\/\/www.ecuadoraldia.com.ec\/wp-content\/uploads\/2015\/02\/inv.jpg\"><img loading=\"lazy\" decoding=\"async\" class=\"alignleft size-medium wp-image-7511\" src=\"http:\/\/www.ecuadoraldia.com.ec\/wp-content\/uploads\/2015\/02\/inv-300x199.jpg\" alt=\"inv\" width=\"300\" height=\"199\" srcset=\"https:\/\/www.ecuadoraldia.com.ec\/wp-content\/uploads\/2015\/02\/inv-300x199.jpg 300w, https:\/\/www.ecuadoraldia.com.ec\/wp-content\/uploads\/2015\/02\/inv.jpg 301w\" sizes=\"(max-width: 300px) 100vw, 300px\" \/><\/a>Ante el desbordamiento de los afluentes Cristal y Catarama, que caus\u00f3 el pasado fin de semana la evacuaci\u00f3n de 19 familias, 15 de ellas en Urdaneta y 4 en el cant\u00f3n Montalvo, el Comit\u00e9 de Operaciones Emergentes cantonal resolvi\u00f3 declararlos en emergencia.<\/p>\n<p style=\"text-align: justify;\">12 de las familias afectadas en Urdanera est\u00e1n asiladas en el colegio t\u00e9cnico Urdaneta y las otras 3 en un albergue de Buena fe, mientras que las del cant\u00f3n Montalvo, una est\u00e1 en La Inmaculada, una en Federico Gonz\u00e1lez Su\u00e1rez, y dos en casas acogientes.<\/p>\n<p style=\"text-align: justify;\">En el cant\u00f3n Ventanas, donde tambi\u00e9n se presentaron estragos por las lregistraronn afectaciones, por lo que hasta el momento han sido evacuadas 12 familias.<\/p>\n<p style=\"text-align: justify;\">El gobernador de Los R\u00edos, Jes\u00fas Narv\u00e1ez, se\u00f1al\u00f3 que se analizar\u00e1 la declaratoria en sesi\u00f3n provincial. \u00abHemos constatado los da\u00f1os causados por el desbordamiento de varios r\u00edos. Se ha dispuesto la activaci\u00f3n de todos los mecanismos de ayuda\u00bb, dijo.<\/p>\n<p style=\"text-align: justify;\">Hasta el momento se ha intervenido con maquinaria en las zonas donde se requiere limpieza de palizadas, fortalecimiento de muros y encausamiento del r\u00edo Cristal, en Montalvo. Asimismo, se dispuso enviar una planta potabilizadora de agua a Urdaneta, para dotar de agua los habitantes de esta zona.<\/p>\n<p style=\"text-align: justify;\">Las personas afectadas han recibido raciones alimenticias y se evaluar\u00e1n los mecanismos de ayuda para asistir a quienes lo perdieron todo, indic\u00f3 el gobernador.(Universo)<\/p>\n","protected":false},"excerpt":{"rendered":"<p>Ante el desbordamiento de los afluentes Cristal y Catarama, que caus\u00f3 el pasado fin de semana la evacuaci\u00f3n de 19<\/p>\n","protected":false},"author":1,"featured_media":0,"comment_status":"open","ping_status":"open","sticky":false,"template":"","format":"standard","meta":{"footnotes":""},"categories":[11],"tags":[],"_links":{"self":[{"href":"https:\/\/www.ecuadoraldia.com.ec\/index.php?rest_route=\/wp\/v2\/posts\/7510"}],"collection":[{"href":"https:\/\/www.ecuadoraldia.com.ec\/index.php?rest_route=\/wp\/v2\/posts"}],"about":[{"href":"https:\/\/www.ecuadoraldia.com.ec\/index.php?rest_route=\/wp\/v2\/types\/post"}],"author":[{"embeddable":true,"href":"https:\/\/www.ecuadoraldia.com.ec\/index.php?rest_route=\/wp\/v2\/users\/1"}],"replies":[{"embeddable":true,"href":"https:\/\/www.ecuadoraldia.com.ec\/index.php?rest_route=%2Fwp%2Fv2%2Fcomments&post=7510"}],"version-history":[{"count":1,"href":"https:\/\/www.ecuadoraldia.com.ec\/index.php?rest_route=\/wp\/v2\/posts\/7510\/revisions"}],"predecessor-version":[{"id":7512,"href":"https:\/\/www.ecuadoraldia.com.ec\/index.php?rest_route=\/wp\/v2\/posts\/7510\/revisions\/7512"}],"wp:attachment":[{"href":"https:\/\/www.ecuadoraldia.com.ec\/index.php?rest_route=%2Fwp%2Fv2%2Fmedia&parent=7510"}],"wp:term":[{"taxonomy":"category","embeddable":true,"href":"https:\/\/www.ecuadoraldia.com.ec\/index.php?rest_route=%2Fwp%2Fv2%2Fcategories&post=7510"},{"taxonomy":"post_tag","embeddable":true,"href":"https:\/\/www.ecuadoraldia.com.ec\/index.php?rest_route=%2Fwp%2Fv2%2Ftags&post=7510"}],"curies":[{"name":"wp","href":"https:\/\/api.w.org\/{rel}","templated":true}]}}