{"id":7519,"date":"2015-02-11T13:22:43","date_gmt":"2015-02-11T13:22:43","guid":{"rendered":"http:\/\/www.ecuadoraldia.com.ec\/?p=7519"},"modified":"2015-02-11T13:22:43","modified_gmt":"2015-02-11T13:22:43","slug":"cancilleria-apoya-a-patricio-pazmino-para-corteidh","status":"publish","type":"post","link":"https:\/\/www.ecuadoraldia.com.ec\/?p=7519","title":{"rendered":"Canciller\u00eda apoya a Patricio Pazmi\u00f1o para CorteIDH"},"content":{"rendered":"<p style=\"text-align: justify;\"><a href=\"http:\/\/www.ecuadoraldia.com.ec\/wp-content\/uploads\/2015\/02\/ppazmi.jpg\"><img loading=\"lazy\" decoding=\"async\" class=\"alignleft size-full wp-image-7520\" src=\"http:\/\/www.ecuadoraldia.com.ec\/wp-content\/uploads\/2015\/02\/ppazmi.jpg\" alt=\"ppazmi\" width=\"285\" height=\"227\" \/><\/a>Los votos de los pa\u00edses que conforman la Comunidad de Estados Latinoamericanos y Caribe\u00f1os (Celac) y la Uni\u00f3n de Naciones Suramericanas (Unasur), de los cuales el Ecuador es parte, podr\u00edan ser determinantes para que Patricio Pazmi\u00f1o sea elegido juez de la Corte Interamericana de Derechos Humanos (CorteIDH), en el proceso de selecci\u00f3n que lleva adelante la Organizaci\u00f3n de Estados Americanos (OEA) y que concluir\u00eda en junio pr\u00f3ximo.<\/p>\n<p style=\"text-align: justify;\">La semana anterior, la Canciller\u00eda ecuatoriana oficializ\u00f3 la candidatura de Pazmi\u00f1o, presidente de la Corte Constitucional (CC), a magistrado de la CorteIDH, organismo del Sistema Interamericano de Derechos Humanos (SIDH).<\/p>\n<p style=\"text-align: justify;\">Seg\u00fan el ministerio, el Estado promueve esta postulaci\u00f3n \u201ccon el convencimiento de que el rol de la CorteIDH es de vital importancia para la defensa y vigilancia de los derechos humanos\u201d y que \u201cla presencia de Pazmi\u00f1o, por su experiencia y formaci\u00f3n, contribuir\u00e1 al fortalecimiento del SIDH\u201d.<\/p>\n<p style=\"text-align: justify;\">A m\u00e1s de Pazmi\u00f1o, son candidatos Eugenio Zaffaroni (Argentina), Elizabeth Odio Benito (Costa Rica), Vio Grossi (Chile) y Alberto P\u00e9rez (Uruguay). El plazo para presentar postulaciones vence el 9 de marzo.<\/p>\n<p style=\"text-align: justify;\">El estatuto de la CorteIDH indica que la designaci\u00f3n de cuatro de los cinco jueces del organismo, en lo que constituye una reestructuraci\u00f3n parcial, se realizar\u00e1 durante la Asamblea General de la OEA, en el periodo inmediatamente anterior a la expiraci\u00f3n del mandato de los jueces salientes.<\/p>\n<p style=\"text-align: justify;\">El expresidente de la CorteIDH y catedr\u00e1tico, Hern\u00e1n Salgado, cuestiona la postulaci\u00f3n de Pazmi\u00f1o pues, a su criterio, \u201cno tiene un perfil profesional adecuado\u201d que lo ponga al nivel de otros aspirantes.<\/p>\n<p style=\"text-align: justify;\">A ello se suma, seg\u00fan Salgado, la falta de probidad e independencia que habr\u00eda mostrado por sus actuaciones jur\u00eddicas en favor del Ejecutivo.<\/p>\n<p style=\"text-align: justify;\">El jurista Salim Zaid\u00e1n, quien ha litigado en la CorteIDH, sostiene que es importante que los estados tomen conciencia de que los jueces no deben ser emisarios pol\u00edticos y que deben ser de la m\u00e1s alta solvencia profesional y autoridad moral.<\/p>\n<p style=\"text-align: justify;\">Aunque la elecci\u00f3n se cumplir\u00e1 en junio, de confirmarse la designaci\u00f3n de Pazmi\u00f1o, este deber\u00eda renunciar a su cargo para evitar incurrir en alguna incompatibilidad de funciones, que podr\u00eda afectar a\u00fan m\u00e1s su independencia e imparcialidad, dijo Zaid\u00e1n. (Universo)<\/p>\n","protected":false},"excerpt":{"rendered":"<p>Los votos de los pa\u00edses que conforman la Comunidad de Estados Latinoamericanos y Caribe\u00f1os (Celac) y la Uni\u00f3n de Naciones<\/p>\n","protected":false},"author":1,"featured_media":0,"comment_status":"open","ping_status":"open","sticky":false,"template":"","format":"standard","meta":{"footnotes":""},"categories":[3],"tags":[],"_links":{"self":[{"href":"https:\/\/www.ecuadoraldia.com.ec\/index.php?rest_route=\/wp\/v2\/posts\/7519"}],"collection":[{"href":"https:\/\/www.ecuadoraldia.com.ec\/index.php?rest_route=\/wp\/v2\/posts"}],"about":[{"href":"https:\/\/www.ecuadoraldia.com.ec\/index.php?rest_route=\/wp\/v2\/types\/post"}],"author":[{"embeddable":true,"href":"https:\/\/www.ecuadoraldia.com.ec\/index.php?rest_route=\/wp\/v2\/users\/1"}],"replies":[{"embeddable":true,"href":"https:\/\/www.ecuadoraldia.com.ec\/index.php?rest_route=%2Fwp%2Fv2%2Fcomments&post=7519"}],"version-history":[{"count":1,"href":"https:\/\/www.ecuadoraldia.com.ec\/index.php?rest_route=\/wp\/v2\/posts\/7519\/revisions"}],"predecessor-version":[{"id":7521,"href":"https:\/\/www.ecuadoraldia.com.ec\/index.php?rest_route=\/wp\/v2\/posts\/7519\/revisions\/7521"}],"wp:attachment":[{"href":"https:\/\/www.ecuadoraldia.com.ec\/index.php?rest_route=%2Fwp%2Fv2%2Fmedia&parent=7519"}],"wp:term":[{"taxonomy":"category","embeddable":true,"href":"https:\/\/www.ecuadoraldia.com.ec\/index.php?rest_route=%2Fwp%2Fv2%2Fcategories&post=7519"},{"taxonomy":"post_tag","embeddable":true,"href":"https:\/\/www.ecuadoraldia.com.ec\/index.php?rest_route=%2Fwp%2Fv2%2Ftags&post=7519"}],"curies":[{"name":"wp","href":"https:\/\/api.w.org\/{rel}","templated":true}]}}