{"id":7522,"date":"2015-02-11T13:24:21","date_gmt":"2015-02-11T13:24:21","guid":{"rendered":"http:\/\/www.ecuadoraldia.com.ec\/?p=7522"},"modified":"2015-02-11T13:24:21","modified_gmt":"2015-02-11T13:24:21","slug":"cuatro-areas-evaluara-examen-ser-bachiller-que-se-estrena-en-la-costa","status":"publish","type":"post","link":"https:\/\/www.ecuadoraldia.com.ec\/?p=7522","title":{"rendered":"Cuatro \u00e1reas evaluar\u00e1 examen Ser Bachiller que se estrena en la Costa"},"content":{"rendered":"<p style=\"text-align: justify;\"><a href=\"http:\/\/www.ecuadoraldia.com.ec\/wp-content\/uploads\/2015\/02\/estudiantes-en-clase.jpg\"><img loading=\"lazy\" decoding=\"async\" class=\"alignleft size-medium wp-image-7523\" src=\"http:\/\/www.ecuadoraldia.com.ec\/wp-content\/uploads\/2015\/02\/estudiantes-en-clase-300x198.jpg\" alt=\"estudiantes-en-clase\" width=\"300\" height=\"198\" srcset=\"https:\/\/www.ecuadoraldia.com.ec\/wp-content\/uploads\/2015\/02\/estudiantes-en-clase-300x198.jpg 300w, https:\/\/www.ecuadoraldia.com.ec\/wp-content\/uploads\/2015\/02\/estudiantes-en-clase.jpg 551w\" sizes=\"(max-width: 300px) 100vw, 300px\" \/><\/a>Xavier y Alejandro comentaban \u2013entre risas y algo nerviosos\u2013 las dificultades que cada uno hab\u00eda tenido en las pruebas Ser Bachiller, que se aplican desde ayer, por primera vez, a los estudiantes del tercer a\u00f1o de bachillerato de la Costa, en vez de los ex\u00e1menes de grado.<\/p>\n<p style=\"text-align: justify;\">Los j\u00f3venes, estudiantes del Ecomundo Centro de Estudios, entraron en el primer grupo que rindi\u00f3 las pruebas de Matem\u00e1ticas y Lenguaje desde las 08:00, aunque lo previsto era empezar a las 07:30.<\/p>\n<p style=\"text-align: justify;\">El primer alumno cont\u00f3 que los ejercicios de Matem\u00e1ticas estaban complejos, pero que los pudo resolver en menos del tiempo previsto y obtuvo un puntaje de 860\/ 1.000.<\/p>\n<p style=\"text-align: justify;\">El segundo dijo que la prueba incluy\u00f3 trigonometr\u00eda, \u00e1lgebra, ecuaciones, vectorizaci\u00f3n, entre otros contenidos que aprendi\u00f3 en el primero y segundo de bachillerato. \u00c9l sac\u00f3 735\/ 1.000, raz\u00f3n por la que estaba feliz.<\/p>\n<p style=\"text-align: justify;\">Las evaluaciones Ser Bachiller se aplicar\u00e1n a 128.818 estudiantes del tercer a\u00f1o. A las \u00e1reas de Matem\u00e1ticas y Lenguaje se suman Ciencias Naturales y Estudios Sociales, que se tomar\u00e1n hasta el viernes en planteles fiscales, privados, fiscomisionales y municipales de la Costa.<\/p>\n<p style=\"text-align: justify;\">Entre las cuatro \u00e1reas suman 129 preguntas que deben ser resueltas por los j\u00f3venes. Y para rendir cada evaluaci\u00f3n los alumnos disponen de una hora con quince minutos.<\/p>\n<p style=\"text-align: justify;\">\u201cEn vez de que cada docente haga por su parte una prueba (en alusi\u00f3n al examen de grado), el Instituto la hace de manera nacional\u201d, asegur\u00f3 Harvey S\u00e1nchez, director Ejecutivo del Instituto Nacional de Evaluaci\u00f3n (Ineval), quien ayer inspeccion\u00f3 el proceso en el colegio fiscal 28 de Mayo.<\/p>\n<p style=\"text-align: justify;\">El puntaje que los alumnos obtengan en esta evaluaci\u00f3n (sobre mil puntos) es parte de un 10% que los chicos deben cumplir para poder graduarse de bachilleres. El 40% se obtiene del promedio obtenido en la educaci\u00f3n general b\u00e1sica, el otro 40% corresponde al promedio del bachillerato y el 10% restante de un trabajo monogr\u00e1fico que sustituye a la tesis.<\/p>\n<p style=\"text-align: justify;\">Quienes obtengan notas que oscilen entre 950 y 1.000, que equivale a excelente, ser\u00e1n exonerados del curso de nivelaci\u00f3n para entrar a la Universidad, una vez que ya tengan un cupo que se gana rindiendo otra prueba, que es el Examen Nacional de la Educaci\u00f3n Superior (Enes). (Universo)<\/p>\n","protected":false},"excerpt":{"rendered":"<p>Xavier y Alejandro comentaban \u2013entre risas y algo nerviosos\u2013 las dificultades que cada uno hab\u00eda tenido en las pruebas Ser<\/p>\n","protected":false},"author":1,"featured_media":0,"comment_status":"open","ping_status":"open","sticky":false,"template":"","format":"standard","meta":{"footnotes":""},"categories":[4],"tags":[],"_links":{"self":[{"href":"https:\/\/www.ecuadoraldia.com.ec\/index.php?rest_route=\/wp\/v2\/posts\/7522"}],"collection":[{"href":"https:\/\/www.ecuadoraldia.com.ec\/index.php?rest_route=\/wp\/v2\/posts"}],"about":[{"href":"https:\/\/www.ecuadoraldia.com.ec\/index.php?rest_route=\/wp\/v2\/types\/post"}],"author":[{"embeddable":true,"href":"https:\/\/www.ecuadoraldia.com.ec\/index.php?rest_route=\/wp\/v2\/users\/1"}],"replies":[{"embeddable":true,"href":"https:\/\/www.ecuadoraldia.com.ec\/index.php?rest_route=%2Fwp%2Fv2%2Fcomments&post=7522"}],"version-history":[{"count":1,"href":"https:\/\/www.ecuadoraldia.com.ec\/index.php?rest_route=\/wp\/v2\/posts\/7522\/revisions"}],"predecessor-version":[{"id":7524,"href":"https:\/\/www.ecuadoraldia.com.ec\/index.php?rest_route=\/wp\/v2\/posts\/7522\/revisions\/7524"}],"wp:attachment":[{"href":"https:\/\/www.ecuadoraldia.com.ec\/index.php?rest_route=%2Fwp%2Fv2%2Fmedia&parent=7522"}],"wp:term":[{"taxonomy":"category","embeddable":true,"href":"https:\/\/www.ecuadoraldia.com.ec\/index.php?rest_route=%2Fwp%2Fv2%2Fcategories&post=7522"},{"taxonomy":"post_tag","embeddable":true,"href":"https:\/\/www.ecuadoraldia.com.ec\/index.php?rest_route=%2Fwp%2Fv2%2Ftags&post=7522"}],"curies":[{"name":"wp","href":"https:\/\/api.w.org\/{rel}","templated":true}]}}