{"id":7525,"date":"2015-02-11T13:27:07","date_gmt":"2015-02-11T13:27:07","guid":{"rendered":"http:\/\/www.ecuadoraldia.com.ec\/?p=7525"},"modified":"2015-02-11T13:27:07","modified_gmt":"2015-02-11T13:27:07","slug":"miss-teen-universe-llega-a-quito","status":"publish","type":"post","link":"https:\/\/www.ecuadoraldia.com.ec\/?p=7525","title":{"rendered":"Miss Teen Universe llega a Quito"},"content":{"rendered":"<p style=\"text-align: justify;\"><a href=\"http:\/\/www.ecuadoraldia.com.ec\/wp-content\/uploads\/2015\/02\/miss.jpg\"><img loading=\"lazy\" decoding=\"async\" class=\"alignleft size-medium wp-image-7526\" src=\"http:\/\/www.ecuadoraldia.com.ec\/wp-content\/uploads\/2015\/02\/miss-300x235.jpg\" alt=\"miss\" width=\"300\" height=\"235\" srcset=\"https:\/\/www.ecuadoraldia.com.ec\/wp-content\/uploads\/2015\/02\/miss-300x235.jpg 300w, https:\/\/www.ecuadoraldia.com.ec\/wp-content\/uploads\/2015\/02\/miss.jpg 364w\" sizes=\"(max-width: 300px) 100vw, 300px\" \/><\/a>Dayanara Peralta, a sus 18 a\u00f1os ya ostenta la corona internacional de belleza Miss Teen Universe. En Guatemala, el viernes 6 de febrero se realiz\u00f3, el certamen donde fue coronada la guayaquile\u00f1a. Video: YouTube, cuenta: Miss ColombiaOf1 Su recorrido por pasarelas internacionales inici\u00f3 hace apenas un a\u00f1o. Peralta particip\u00f3 en el concurso de belleza Miss Teen de las Am\u00e9ricas, en donde qued\u00f3 en segundo lugar, obteniendo el t\u00edtulo de Virreina. En esta misma gala tambi\u00e9n fue premiada por el mejor traje t\u00edpico. Desde junio del 2014, tras finalizar el evento, continu\u00f3 su caminata en el mundo del modelaje y se prepar\u00f3 durante todo este tiempo para el concurso en Guatemala. Para Pietro Polit, propietario de la agencia D.I.S. Models -en donde se entren\u00f3 Peralta-, el aprendizaje durante ese tiempo fue m\u00e1s all\u00e1 de los cursos de modelaje que hab\u00eda recibido. \u00abYa fue un entrenamiento como missologos\u00bb, dice Polit quien explica que \u00e9sta ense\u00f1anza estuvo enfocada en expresi\u00f3n corporal, manejo del escenario, locuci\u00f3n, dicci\u00f3n y manejo de c\u00e1maras. A su llegada al Aeropuerto Mariscal Sucre de Quito &#8211; alrededor de las 17:45-, Peralta fue recibida entre aplausos de la gente. Algunos presentes, a pesar de no reconocer a la joven, le solicitaron fotos y le felicitaron por la corona que portaba. Para Polit una de las metas que puede ayudar con esta corona es lograr un acercamiento con la actual Miss Universo, \u00abporque es como una hermana mayor a pesar de que son organizaciones muy diferentes las que realizan los dos concursos\u00bb explica. La llegada al pa\u00eds marca un nuevo rumbo para Peralta, uno en el que asegura estar\u00e1 vinculado con la belleza y la ayuda social.<\/p>\n<p style=\"text-align: justify;\">https:\/\/www.youtube.com\/watch?v=3Z-aj8p0MRo<br \/>\ncontenido. ElComercio.com<\/p>\n","protected":false},"excerpt":{"rendered":"<p>Dayanara Peralta, a sus 18 a\u00f1os ya ostenta la corona internacional de belleza Miss Teen Universe. En Guatemala, el viernes<\/p>\n","protected":false},"author":1,"featured_media":0,"comment_status":"open","ping_status":"open","sticky":false,"template":"","format":"standard","meta":{"footnotes":""},"categories":[1],"tags":[],"_links":{"self":[{"href":"https:\/\/www.ecuadoraldia.com.ec\/index.php?rest_route=\/wp\/v2\/posts\/7525"}],"collection":[{"href":"https:\/\/www.ecuadoraldia.com.ec\/index.php?rest_route=\/wp\/v2\/posts"}],"about":[{"href":"https:\/\/www.ecuadoraldia.com.ec\/index.php?rest_route=\/wp\/v2\/types\/post"}],"author":[{"embeddable":true,"href":"https:\/\/www.ecuadoraldia.com.ec\/index.php?rest_route=\/wp\/v2\/users\/1"}],"replies":[{"embeddable":true,"href":"https:\/\/www.ecuadoraldia.com.ec\/index.php?rest_route=%2Fwp%2Fv2%2Fcomments&post=7525"}],"version-history":[{"count":1,"href":"https:\/\/www.ecuadoraldia.com.ec\/index.php?rest_route=\/wp\/v2\/posts\/7525\/revisions"}],"predecessor-version":[{"id":7527,"href":"https:\/\/www.ecuadoraldia.com.ec\/index.php?rest_route=\/wp\/v2\/posts\/7525\/revisions\/7527"}],"wp:attachment":[{"href":"https:\/\/www.ecuadoraldia.com.ec\/index.php?rest_route=%2Fwp%2Fv2%2Fmedia&parent=7525"}],"wp:term":[{"taxonomy":"category","embeddable":true,"href":"https:\/\/www.ecuadoraldia.com.ec\/index.php?rest_route=%2Fwp%2Fv2%2Fcategories&post=7525"},{"taxonomy":"post_tag","embeddable":true,"href":"https:\/\/www.ecuadoraldia.com.ec\/index.php?rest_route=%2Fwp%2Fv2%2Ftags&post=7525"}],"curies":[{"name":"wp","href":"https:\/\/api.w.org\/{rel}","templated":true}]}}