{"id":7528,"date":"2015-02-11T13:28:10","date_gmt":"2015-02-11T13:28:10","guid":{"rendered":"http:\/\/www.ecuadoraldia.com.ec\/?p=7528"},"modified":"2015-02-11T13:28:10","modified_gmt":"2015-02-11T13:28:10","slug":"fiscal-pide-que-se-revise-absolucion-a-mery-zamora","status":"publish","type":"post","link":"https:\/\/www.ecuadoraldia.com.ec\/?p=7528","title":{"rendered":"Fiscal pide que se revise absoluci\u00f3n a Mery Zamora"},"content":{"rendered":"<p style=\"text-align: justify;\"><a href=\"http:\/\/www.ecuadoraldia.com.ec\/wp-content\/uploads\/2015\/02\/mery.jpg\"><img loading=\"lazy\" decoding=\"async\" class=\"alignleft size-full wp-image-7529\" src=\"http:\/\/www.ecuadoraldia.com.ec\/wp-content\/uploads\/2015\/02\/mery.jpg\" alt=\"mery\" width=\"300\" height=\"168\" \/><\/a>Aduciendo la vulneraci\u00f3n de tres garant\u00edas constitucionales, el fiscal general, Galo Chiriboga, pidi\u00f3 a la Corte Constitucional (CC) declarar nula y dejar sin efecto la absoluci\u00f3n que dict\u00f3 la sala penal de la Corte Nacional de Justicia en favor de la profesora Mery Zamora.<\/p>\n<p style=\"text-align: justify;\">El pedido fue formulado ayer, durante la audiencia del recurso de acci\u00f3n extraordinaria que plante\u00f3 la Fiscal\u00eda, en contra del fallo de casaci\u00f3n, a trav\u00e9s del cual se dej\u00f3 sin efecto la sentencia a ocho a\u00f1os de prisi\u00f3n por el delito de incitaci\u00f3n a la rebeli\u00f3n, que enfrentaba Zamora.<\/p>\n<p style=\"text-align: justify;\">En la diligencia participaron los abogados de Mery Zamora: Juan Vizueta y Pedro Granja, en calidad de terceros interesados y el fiscal general. No acudieron los delegados de la Procuradur\u00eda, que supuestamente deb\u00edan representar a los jueces nacionales de la Sala Penal: Jhonny Aylluardo, Mariana Yumbay y Ximena Vintimilla, en contra de quienes se dirige la acci\u00f3n. Tampoco acudi\u00f3 la defensa de dichos jueces.<\/p>\n<p style=\"text-align: justify;\">En el caso Zamora, ocurrido el 30 de septiembre del 2010, en paralelo a la sublevaci\u00f3n policial, seg\u00fan el alegato de Chiriboga, s\u00ed existi\u00f3 delito aunque no comparte con la pena de ocho a\u00f1os de reclusi\u00f3n, que se impuso en contra de Zamora.<\/p>\n<p style=\"text-align: justify;\">Seg\u00fan Chiriboga, en la resoluci\u00f3n de la sala penal, que absolvi\u00f3 a la profesora, hubo violaci\u00f3n a tres garant\u00edas constitucionales: falta de motivaci\u00f3n en la sentencia y una inadecuada aplicaci\u00f3n del silogismo jur\u00eddico (razonamiento deductivo).<\/p>\n<p style=\"text-align: justify;\">Adem\u00e1s, dijo el fiscal, no le correspond\u00eda a la Sala Penal dejar sin efecto una sentencia, a trav\u00e9s de un recurso de casaci\u00f3n, sino que deb\u00eda corregir un error en el fallo judicial, de haberlo detectado.<\/p>\n<p style=\"text-align: justify;\">Para Granja y Vizueta, es imposible revertir el estado de inocencia de Zamora, considerando que la legislaci\u00f3n internacional determina que solo se puede revisar un fallo cuando las personas enfrentan una sentencia condenatoria.<\/p>\n<p style=\"text-align: justify;\">\u201cNunca debi\u00f3 admitirse a tr\u00e1mite la acci\u00f3n extraordinaria porque la Constituci\u00f3n establece que el Ecuador es un Estado de derecho y justicia, donde se protege los derechos humanos de los ciudadanos y no de una entidad p\u00fablica\u201d, dijo Vizueta.<\/p>\n<p style=\"text-align: justify;\">Zamora dijo que si la CC decide revertir el fallo y dar paso a que el proceso se reactive en la Corte, no saldr\u00e1 del pa\u00eds: \u201cLa acci\u00f3n no procede\u201d. (El Universo)<\/p>\n<p>&nbsp;<\/p>\n","protected":false},"excerpt":{"rendered":"<p>Aduciendo la vulneraci\u00f3n de tres garant\u00edas constitucionales, el fiscal general, Galo Chiriboga, pidi\u00f3 a la Corte Constitucional (CC) declarar nula<\/p>\n","protected":false},"author":1,"featured_media":0,"comment_status":"open","ping_status":"open","sticky":false,"template":"","format":"standard","meta":{"footnotes":""},"categories":[5],"tags":[],"_links":{"self":[{"href":"https:\/\/www.ecuadoraldia.com.ec\/index.php?rest_route=\/wp\/v2\/posts\/7528"}],"collection":[{"href":"https:\/\/www.ecuadoraldia.com.ec\/index.php?rest_route=\/wp\/v2\/posts"}],"about":[{"href":"https:\/\/www.ecuadoraldia.com.ec\/index.php?rest_route=\/wp\/v2\/types\/post"}],"author":[{"embeddable":true,"href":"https:\/\/www.ecuadoraldia.com.ec\/index.php?rest_route=\/wp\/v2\/users\/1"}],"replies":[{"embeddable":true,"href":"https:\/\/www.ecuadoraldia.com.ec\/index.php?rest_route=%2Fwp%2Fv2%2Fcomments&post=7528"}],"version-history":[{"count":1,"href":"https:\/\/www.ecuadoraldia.com.ec\/index.php?rest_route=\/wp\/v2\/posts\/7528\/revisions"}],"predecessor-version":[{"id":7530,"href":"https:\/\/www.ecuadoraldia.com.ec\/index.php?rest_route=\/wp\/v2\/posts\/7528\/revisions\/7530"}],"wp:attachment":[{"href":"https:\/\/www.ecuadoraldia.com.ec\/index.php?rest_route=%2Fwp%2Fv2%2Fmedia&parent=7528"}],"wp:term":[{"taxonomy":"category","embeddable":true,"href":"https:\/\/www.ecuadoraldia.com.ec\/index.php?rest_route=%2Fwp%2Fv2%2Fcategories&post=7528"},{"taxonomy":"post_tag","embeddable":true,"href":"https:\/\/www.ecuadoraldia.com.ec\/index.php?rest_route=%2Fwp%2Fv2%2Ftags&post=7528"}],"curies":[{"name":"wp","href":"https:\/\/api.w.org\/{rel}","templated":true}]}}