{"id":7531,"date":"2015-02-11T13:31:06","date_gmt":"2015-02-11T13:31:06","guid":{"rendered":"http:\/\/www.ecuadoraldia.com.ec\/?p=7531"},"modified":"2015-02-11T13:31:06","modified_gmt":"2015-02-11T13:31:06","slug":"agustin-delgado-sigo-atento-a-la-supercom-bonil-debe-disculparse-con-mi-familia","status":"publish","type":"post","link":"https:\/\/www.ecuadoraldia.com.ec\/?p=7531","title":{"rendered":"Agust\u00edn Delgado: \u2018Sigo atento a la Supercom; Bonil debe disculparse con mi familia\u2019"},"content":{"rendered":"<p style=\"text-align: justify;\"><a href=\"http:\/\/www.ecuadoraldia.com.ec\/wp-content\/uploads\/2015\/02\/tin.jpg\"><img loading=\"lazy\" decoding=\"async\" class=\"alignleft size-medium wp-image-7532\" src=\"http:\/\/www.ecuadoraldia.com.ec\/wp-content\/uploads\/2015\/02\/tin-269x300.jpg\" alt=\"tin\" width=\"269\" height=\"300\" srcset=\"https:\/\/www.ecuadoraldia.com.ec\/wp-content\/uploads\/2015\/02\/tin-269x300.jpg 269w, https:\/\/www.ecuadoraldia.com.ec\/wp-content\/uploads\/2015\/02\/tin.jpg 305w\" sizes=\"(max-width: 269px) 100vw, 269px\" \/><\/a>El exartillero de la Selecci\u00f3n de f\u00fatbol de Ecuador camina molesto por los pasillos de la Asamblea Nacional, en Quito. Intenta esquivar el asedio de personas que buscan preguntarle sobre el proceso que se lleva en la Superintendencia de Comunicaci\u00f3n contra el caricaturista Xavier Bonilla \u2018Bonil\u2019. Delgado demand\u00f3 a Bonil por la caricatura que este publicara el 5 de agosto \u00faltimo en el diario El Universo, en la cual hac\u00eda referencia a una intervenci\u00f3n del exfutbolista en la Asamblea, donde el legislador mostr\u00f3 dificultades para leer. Ayer, un d\u00eda despu\u00e9s de que acudiera Bonil a audiencia en la Supercom, Delgado acept\u00f3 dialogar con EL COMERCIO. \u00bfPor qu\u00e9 considera que hubo discriminaci\u00f3n en la caricatura de Bonil? Despu\u00e9s de este acto, de esta caricatura, fue el pueblo el que qued\u00f3 golpeado, sentido. Ellos hicieron una protesta que fue justa en relaci\u00f3n con este tema. A trav\u00e9s de los derechos de ley, de la Constituci\u00f3n, de la Ley de Comunicaci\u00f3n se pueden reclamar estos actos que son realmente racistas, discriminatorios y totalmente descabellados. \u00bfUsted se siente afectado en lo personal o defiende a los afrodescendientes? Es un acto de discriminaci\u00f3n, sabiendo en la opresi\u00f3n que nos han mantenido, sin acceso a la igualdad, sin oportunidad. Las personas que supuestamente son inteligentes deber\u00edan pensar al menos en lo que yo he logrado, viniendo desde abajo, desde cero\u2026 desde nada. Estoy en la Asamblea porque la vida me llev\u00f3 ah\u00ed, por lo que he dado por mi pa\u00eds. La gente me eligi\u00f3 por eso. Hay el apoyo de las organizaciones que respaldan a los pueblos \u2018afros\u2019, que repudian estos hechos. Hay que sentar un precedente. Pero en la caricatura no se alude a condici\u00f3n racial. El texto ya es una discriminaci\u00f3n, esto de pobret\u00edn y pobret\u00f3n, y l\u00f3gicamente que nos han tenido en la pobreza. La desigualdad no viene sola, es creada por esta gente. Yo pude salir de eso y ahora estoy ac\u00e1, como dije, no porque quise, sino porque la vida me dio la oportunidad de crecer. Entonces, \u00bfencuentra un ataque en la caricatura? Estoy tranquilo, apoyando esas leyes que ayuden a controlar este tipo de actos. Hay que tener un l\u00edmite. Buscan cualquier pretexto para ofender y l\u00f3gicamente, cuando uno es negro, es el doble. Con estas cosas me doy cuenta de que hay tanta discriminaci\u00f3n. En estos d\u00edas han sacado todo el racismo. No pens\u00e9 que era tanto, se manifestaron con odio, con desprecio. Y estoy para luchar contra eso y no bajar\u00e9 los brazos. Bonil le ofreci\u00f3 disculpas, \u00bfpor qu\u00e9 no las acept\u00f3? Yo sigo atento a lo que diga la Supercom, l\u00f3gicamente que ellos tomar\u00e1n las decisiones justas. Para m\u00ed ser\u00eda muy complicado aceptar (las disculpas), porque es muy doloroso ver a mi hija en el colegio, en donde se pasan en redes sociales, que afectan a mi familia, mi esposa, no por m\u00ed. No me har\u00eda un favor. Las disculpas deben ser para mi hija, mi familia.Sufro m\u00e1s por mis ni\u00f1as que est\u00e1n en plena adolescencia, por la exposici\u00f3n que tienen en las redes sociales, el \u2018bullying\u2019. Yo estoy satisfecho con todo lo que he hecho y he entregado. Tratar de volver al sistema anterior es imposible, porque es el que mantiene empobrecida a la gente. Me da gusto que con esto quede ese precedente, grabado en la historia. Hay ciudadanos que lo critican porque usted, \u00eddolo deportivo, no estaba preparado para ser legislador. \u00bfEn qu\u00e9 art\u00edculo de la Constituci\u00f3n se habla de lo acad\u00e9mico? Yo no vine a buscarlo, a m\u00ed la gente me eligi\u00f3 por lo que he hecho, no por lindo ni por negro; es por lo que he dado a mi pa\u00eds. Para ser asamble\u00edsta dice claramente la Constituci\u00f3n que se necesita ser ecuatoriano. Estas cosas no me pueden desmoralizar. Luego de salir de la nada y ahora estar ac\u00e1, sin ning\u00fan apoyo, me siento orgulloso. Con este tipo de cosas solo pretenden bajar la moral, pero est\u00e1n equivocados. Si se trata de autoestima, est\u00e1n jodidos. Pero fue su lectura en el Pleno de la Asamblea la que se viraliz\u00f3 por las redes sociales, m\u00e1s que la caricatura de Bonil, porque se lo vio a usted leyendo mal\u2026 Es discriminatoria y racial. Si es por una lectura, ellos saben que nos han tenido en una opresi\u00f3n. No soy acad\u00e9mico, no pude estudiar por ayudar a mi familia a trabajar. L\u00f3gicamente eso es un discrimen porque no tuvimos la oportunidad de estudiar como ellos en los mejores colegios, estar en las mejores universidades\u2026 nosotros trabaj\u00e1bamos. \u00bfCu\u00e1l es su funci\u00f3n en la Asamblea? Legislar y fiscalizar. Usted integra la Comisi\u00f3n de Participaci\u00f3n Ciudadana y Control Social. \u00bfQu\u00e9 hace exactamente? Lo que dice la palabra, control social, verificar que las cosas est\u00e9n claras en los territorios y ahora estamos trabajando para el segundo debate de la Ley de la Defensor\u00eda del Pueblo. \u00bfQui\u00e9n es? Agust\u00edn Delgado es asamble\u00edsta por Imbabura de Alianza Pa\u00eds. Integra la Comisi\u00f3n de Participaci\u00f3n Ciudadana. Trayectoria.\u2002De 40 a\u00f1os, naci\u00f3 en Ambuqu\u00ed. Fue un destacado futbolista. Es el goleador hist\u00f3rico de la Selecci\u00f3n ecuatoriana. ElComercio.com<\/p>\n","protected":false},"excerpt":{"rendered":"<p>El exartillero de la Selecci\u00f3n de f\u00fatbol de Ecuador camina molesto por los pasillos de la Asamblea Nacional, en Quito.<\/p>\n","protected":false},"author":1,"featured_media":0,"comment_status":"open","ping_status":"open","sticky":false,"template":"","format":"standard","meta":{"footnotes":""},"categories":[3],"tags":[],"_links":{"self":[{"href":"https:\/\/www.ecuadoraldia.com.ec\/index.php?rest_route=\/wp\/v2\/posts\/7531"}],"collection":[{"href":"https:\/\/www.ecuadoraldia.com.ec\/index.php?rest_route=\/wp\/v2\/posts"}],"about":[{"href":"https:\/\/www.ecuadoraldia.com.ec\/index.php?rest_route=\/wp\/v2\/types\/post"}],"author":[{"embeddable":true,"href":"https:\/\/www.ecuadoraldia.com.ec\/index.php?rest_route=\/wp\/v2\/users\/1"}],"replies":[{"embeddable":true,"href":"https:\/\/www.ecuadoraldia.com.ec\/index.php?rest_route=%2Fwp%2Fv2%2Fcomments&post=7531"}],"version-history":[{"count":1,"href":"https:\/\/www.ecuadoraldia.com.ec\/index.php?rest_route=\/wp\/v2\/posts\/7531\/revisions"}],"predecessor-version":[{"id":7533,"href":"https:\/\/www.ecuadoraldia.com.ec\/index.php?rest_route=\/wp\/v2\/posts\/7531\/revisions\/7533"}],"wp:attachment":[{"href":"https:\/\/www.ecuadoraldia.com.ec\/index.php?rest_route=%2Fwp%2Fv2%2Fmedia&parent=7531"}],"wp:term":[{"taxonomy":"category","embeddable":true,"href":"https:\/\/www.ecuadoraldia.com.ec\/index.php?rest_route=%2Fwp%2Fv2%2Fcategories&post=7531"},{"taxonomy":"post_tag","embeddable":true,"href":"https:\/\/www.ecuadoraldia.com.ec\/index.php?rest_route=%2Fwp%2Fv2%2Ftags&post=7531"}],"curies":[{"name":"wp","href":"https:\/\/api.w.org\/{rel}","templated":true}]}}