{"id":7538,"date":"2015-02-11T13:39:20","date_gmt":"2015-02-11T13:39:20","guid":{"rendered":"http:\/\/www.ecuadoraldia.com.ec\/?p=7538"},"modified":"2015-02-11T13:39:20","modified_gmt":"2015-02-11T13:39:20","slug":"presidente-correa-ve-necesario-analizar-la-continuidad-del-pais-en-la-can","status":"publish","type":"post","link":"https:\/\/www.ecuadoraldia.com.ec\/?p=7538","title":{"rendered":"Presidente Correa ve necesario analizar la continuidad del pa\u00eds en la CAN"},"content":{"rendered":"<figure id=\"attachment_7539\" aria-describedby=\"caption-attachment-7539\" style=\"width: 300px\" class=\"wp-caption alignleft\"><a href=\"http:\/\/www.ecuadoraldia.com.ec\/wp-content\/uploads\/2015\/02\/mashi.jpg\"><img loading=\"lazy\" decoding=\"async\" class=\"size-medium wp-image-7539\" src=\"http:\/\/www.ecuadoraldia.com.ec\/wp-content\/uploads\/2015\/02\/mashi-300x188.jpg\" alt=\"fot internet\" width=\"300\" height=\"188\" srcset=\"https:\/\/www.ecuadoraldia.com.ec\/wp-content\/uploads\/2015\/02\/mashi-300x188.jpg 300w, https:\/\/www.ecuadoraldia.com.ec\/wp-content\/uploads\/2015\/02\/mashi.jpg 580w\" sizes=\"(max-width: 300px) 100vw, 300px\" \/><\/a><figcaption id=\"caption-attachment-7539\" class=\"wp-caption-text\">fot internet<\/figcaption><\/figure>\n<p style=\"text-align: justify;\">El presidente de Ecuador, Rafael Correa, dijo hoy, 10 de febrero de 2015, que se debe \u00abanalizar seriamente\u00bb la continuidad del pa\u00eds en la Comunidad Andina (CAN), bloque que la pasada semana emiti\u00f3 una resoluci\u00f3n contraria a las medidas de protecci\u00f3n comercial aplicadas por el pa\u00eds a sus vecinos Colombia y Per\u00fa. El Gobierno de Ecuador impugn\u00f3 el pasado domingo una resoluci\u00f3n de la CAN, que le exigi\u00f3 eliminar una salvaguardia aduanera impuesta a importaciones de Colombia y Per\u00fa por las devaluaciones monetarias en esos pa\u00edses, que afectan la competitividad de las exportaciones nacionales. Ecuador rechaz\u00f3 la resoluci\u00f3n al considerar que \u00abexcede las competencias que le confiere el Acuerdo de Cartagena\u00bb, instrumento de fundaci\u00f3n de la Comunidad. El gobernante ecuatoriano, en un encuentro con periodistas en Guayaquil (suroeste) consider\u00f3 conveniente analizar la continuidad de su pa\u00eds en ese organismo que, agreg\u00f3, \u00absirve para muy poco\u00bb, aunque precis\u00f3 que su posici\u00f3n no obedece a \u00abesta coyuntura\u00bb. Se\u00f1al\u00f3 que la CAN fue \u00abgolpeada de muerte\u00bb con la firma de tratados de libre comercio con Estados Unidos por parte de Colombia y Per\u00fa. Sobre la resoluci\u00f3n impugnada, Correa dijo que lo que ha hecho Ecuador \u00abest\u00e1 contemplado en el marco de la CAN\u00bb y a\u00f1adi\u00f3 que se presentar\u00e1n \u00ablas quejas del caso\u00bb. Consider\u00f3, adem\u00e1s, que entre los \u00abenemigos\u00bb de la revoluci\u00f3n que lidera, existe alguno en las \u00abm\u00e1ximas instancias\u00bb del organismo andino. La Secretar\u00eda de la CAN, con sede en Lima, al desautorizar la aplicaci\u00f3n de la salvaguardia por parte de Ecuador, le recomend\u00f3 devolver el importe de ese pago aduanero a las empresas afectadas. Seg\u00fan el Gobierno ecuatoriano, a la Secretar\u00eda de la CAN no le est\u00e1 conferida la posibilidad de \u00abemitir dict\u00e1menes no vinculantes en materia de salvaguardia cambiaria\u00bb, ya que solo puede reflejar \u00abexclusivamente la posici\u00f3n institucional sin generar efectos mandatorios para los pa\u00edses miembros\u00bb. (EL COMERCIO)<\/p>\n","protected":false},"excerpt":{"rendered":"<p>El presidente de Ecuador, Rafael Correa, dijo hoy, 10 de febrero de 2015, que se debe \u00abanalizar seriamente\u00bb la continuidad<\/p>\n","protected":false},"author":1,"featured_media":0,"comment_status":"open","ping_status":"open","sticky":false,"template":"","format":"standard","meta":{"footnotes":""},"categories":[1],"tags":[],"_links":{"self":[{"href":"https:\/\/www.ecuadoraldia.com.ec\/index.php?rest_route=\/wp\/v2\/posts\/7538"}],"collection":[{"href":"https:\/\/www.ecuadoraldia.com.ec\/index.php?rest_route=\/wp\/v2\/posts"}],"about":[{"href":"https:\/\/www.ecuadoraldia.com.ec\/index.php?rest_route=\/wp\/v2\/types\/post"}],"author":[{"embeddable":true,"href":"https:\/\/www.ecuadoraldia.com.ec\/index.php?rest_route=\/wp\/v2\/users\/1"}],"replies":[{"embeddable":true,"href":"https:\/\/www.ecuadoraldia.com.ec\/index.php?rest_route=%2Fwp%2Fv2%2Fcomments&post=7538"}],"version-history":[{"count":1,"href":"https:\/\/www.ecuadoraldia.com.ec\/index.php?rest_route=\/wp\/v2\/posts\/7538\/revisions"}],"predecessor-version":[{"id":7540,"href":"https:\/\/www.ecuadoraldia.com.ec\/index.php?rest_route=\/wp\/v2\/posts\/7538\/revisions\/7540"}],"wp:attachment":[{"href":"https:\/\/www.ecuadoraldia.com.ec\/index.php?rest_route=%2Fwp%2Fv2%2Fmedia&parent=7538"}],"wp:term":[{"taxonomy":"category","embeddable":true,"href":"https:\/\/www.ecuadoraldia.com.ec\/index.php?rest_route=%2Fwp%2Fv2%2Fcategories&post=7538"},{"taxonomy":"post_tag","embeddable":true,"href":"https:\/\/www.ecuadoraldia.com.ec\/index.php?rest_route=%2Fwp%2Fv2%2Ftags&post=7538"}],"curies":[{"name":"wp","href":"https:\/\/api.w.org\/{rel}","templated":true}]}}