{"id":7541,"date":"2015-02-11T22:49:25","date_gmt":"2015-02-11T22:49:25","guid":{"rendered":"http:\/\/www.ecuadoraldia.com.ec\/?p=7541"},"modified":"2015-02-11T22:49:25","modified_gmt":"2015-02-11T22:49:25","slug":"desde-este-mes-se-paga-el-impuesto-a-la-renta","status":"publish","type":"post","link":"https:\/\/www.ecuadoraldia.com.ec\/?p=7541","title":{"rendered":"Desde este mes se paga  el Impuesto a la Renta"},"content":{"rendered":"<figure id=\"attachment_7542\" aria-describedby=\"caption-attachment-7542\" style=\"width: 300px\" class=\"wp-caption alignleft\"><a href=\"http:\/\/www.ecuadoraldia.com.ec\/wp-content\/uploads\/2015\/02\/sri.jpg\"><img loading=\"lazy\" decoding=\"async\" class=\"size-medium wp-image-7542\" src=\"http:\/\/www.ecuadoraldia.com.ec\/wp-content\/uploads\/2015\/02\/sri-300x210.jpg\" alt=\"Las personas naturales ya pueden realizar su declaraci\u00f3n de Impuesto a la Renta (IR), correspondiente al per\u00edodo fiscal 2014. El pago del mismo gravamen empieza el 10 de marzo para personas naturales y el 10 de abril para sociedades.\" width=\"300\" height=\"210\" srcset=\"https:\/\/www.ecuadoraldia.com.ec\/wp-content\/uploads\/2015\/02\/sri-300x210.jpg 300w, https:\/\/www.ecuadoraldia.com.ec\/wp-content\/uploads\/2015\/02\/sri.jpg 358w\" sizes=\"(max-width: 300px) 100vw, 300px\" \/><\/a><figcaption id=\"caption-attachment-7542\" class=\"wp-caption-text\">Las personas naturales ya pueden realizar su declaraci\u00f3n de Impuesto a la Renta (IR), correspondiente al per\u00edodo fiscal 2014. El pago del mismo gravamen empieza el 10 de marzo para personas naturales y el 10 de abril para sociedades.<\/figcaption><\/figure>\n<p style=\"text-align: justify;\">Ximena Amoroso, directora del Servicio de Rentas Internas (SRI), destac\u00f3 que para el per\u00edodo fiscal 2014, la fracci\u00f3n no gravada con IR para personas naturales fue de $ 10.410 y por tanto todas las personas que superaron esos ingresos el a\u00f1o pasado deber\u00e1n presentar su declaraci\u00f3n.<\/p>\n<p style=\"text-align: justify;\">Tambi\u00e9n est\u00e1n obligados a declarar las personas que llevan contabilidad, que -seg\u00fan Amoroso- son quienes tienen un capital propio mayor a $ 60 mil o presentan ingresos brutos mayores a $ 100 mil o gastos anuales de $ 80 mil.<\/p>\n<p style=\"text-align: justify;\">Los pagos se realizar\u00e1n desde el 10 de marzo y de acuerdo al noveno d\u00edgito del Registro \u00danico de Contribuyentes (RUC) o de la c\u00e9dula de identidad.<\/p>\n<p style=\"text-align: justify;\">La directora detall\u00f3 que al momento de realizar la declaraci\u00f3n del impuesto a la renta se deben considerar todos los ingresos gravados y gastos deducibles desde el 1 de enero hasta el 31 de diciembre de 2014, as\u00ed como los ingresos exentos (salud, vivienda, educaci\u00f3n, alimentaci\u00f3n), rebajas especiales (aplicable para personas de la tercera edad y con discapacidad), entre otros.<\/p>\n<p style=\"text-align: justify;\">Para calcular el impueso causado (que es el impuesto generado durante el a\u00f1o fiscal), el contribuyente deber\u00e1 establecer la base imponible ($ 10.410), disminuyendo la totalidad de los ingresos gravados, el aporte personal al IESS, los costos y gastos deducibles, deducciones (IVA) y rebajas especiales<\/p>\n<p style=\"text-align: justify;\">La declaraci\u00f3n del IR se realiza electr\u00f3nicamente en la p\u00e1gina web del SRI, www.sri.gob.ec. Deber\u00e1 llenar el formulario 102 (personas naturales obligadas a llevar contabilidad) y 102A (personas naturales no obligadas a llevar contabilidad).<\/p>\n","protected":false},"excerpt":{"rendered":"<p>Ximena Amoroso, directora del Servicio de Rentas Internas (SRI), destac\u00f3 que para el per\u00edodo fiscal 2014, la fracci\u00f3n no gravada<\/p>\n","protected":false},"author":1,"featured_media":0,"comment_status":"open","ping_status":"open","sticky":false,"template":"","format":"standard","meta":{"footnotes":""},"categories":[1],"tags":[],"_links":{"self":[{"href":"https:\/\/www.ecuadoraldia.com.ec\/index.php?rest_route=\/wp\/v2\/posts\/7541"}],"collection":[{"href":"https:\/\/www.ecuadoraldia.com.ec\/index.php?rest_route=\/wp\/v2\/posts"}],"about":[{"href":"https:\/\/www.ecuadoraldia.com.ec\/index.php?rest_route=\/wp\/v2\/types\/post"}],"author":[{"embeddable":true,"href":"https:\/\/www.ecuadoraldia.com.ec\/index.php?rest_route=\/wp\/v2\/users\/1"}],"replies":[{"embeddable":true,"href":"https:\/\/www.ecuadoraldia.com.ec\/index.php?rest_route=%2Fwp%2Fv2%2Fcomments&post=7541"}],"version-history":[{"count":1,"href":"https:\/\/www.ecuadoraldia.com.ec\/index.php?rest_route=\/wp\/v2\/posts\/7541\/revisions"}],"predecessor-version":[{"id":7543,"href":"https:\/\/www.ecuadoraldia.com.ec\/index.php?rest_route=\/wp\/v2\/posts\/7541\/revisions\/7543"}],"wp:attachment":[{"href":"https:\/\/www.ecuadoraldia.com.ec\/index.php?rest_route=%2Fwp%2Fv2%2Fmedia&parent=7541"}],"wp:term":[{"taxonomy":"category","embeddable":true,"href":"https:\/\/www.ecuadoraldia.com.ec\/index.php?rest_route=%2Fwp%2Fv2%2Fcategories&post=7541"},{"taxonomy":"post_tag","embeddable":true,"href":"https:\/\/www.ecuadoraldia.com.ec\/index.php?rest_route=%2Fwp%2Fv2%2Ftags&post=7541"}],"curies":[{"name":"wp","href":"https:\/\/api.w.org\/{rel}","templated":true}]}}