{"id":7544,"date":"2015-02-11T23:03:13","date_gmt":"2015-02-11T23:03:13","guid":{"rendered":"http:\/\/www.ecuadoraldia.com.ec\/?p=7544"},"modified":"2015-02-11T23:03:13","modified_gmt":"2015-02-11T23:03:13","slug":"habra-incremento-en-las-tarifas-del-servicio-de-taxis-en-quito","status":"publish","type":"post","link":"https:\/\/www.ecuadoraldia.com.ec\/?p=7544","title":{"rendered":"Habr\u00e1 incremento en las tarifas del servicio de taxis en Quito"},"content":{"rendered":"<figure id=\"attachment_7545\" aria-describedby=\"caption-attachment-7545\" style=\"width: 275px\" class=\"wp-caption alignleft\"><a href=\"http:\/\/www.ecuadoraldia.com.ec\/wp-content\/uploads\/2015\/02\/tarifas-de-taxis.jpg\"><img loading=\"lazy\" decoding=\"async\" class=\"size-full wp-image-7545\" src=\"http:\/\/www.ecuadoraldia.com.ec\/wp-content\/uploads\/2015\/02\/tarifas-de-taxis.jpg\" alt=\"Los taxistas han solicitado que la carrera m\u00ednima suba de $1 a $2. \" width=\"275\" height=\"179\" \/><\/a><figcaption id=\"caption-attachment-7545\" class=\"wp-caption-text\">taxistas piden\u00a0que la carrera m\u00ednima suba de $1 a $2.<\/figcaption><\/figure>\n<p>El estudio que realiz\u00f3 la Pontificia Universidad Cat\u00f3lica (PUCE) sobre las carreras de los taxis en Quito ser\u00e1 entregado ma\u00f1ana a la Uni\u00f3n de Taxis de Pichincha.<\/p>\n<p style=\"text-align: justify;\">\nEl concejal Mario Granda, quien es parte de la negociaci\u00f3n con la &#8216;fuerza amarilla&#8217; dijo que s\u00ed habr\u00e1 un alza en el costo de las carreras , y que a fin de mes se conocer\u00e1n las nuevas tarifas del servicio de taxis.<\/p>\n<p>Granda manifest\u00f3 que \u00bb el estudio (PUCE) ser\u00e1 el que determine el monto del alza\u00bb a este servicio. \u00bb Como la \u00faltima vez que se increment\u00f3 las tarifas fue hace 12 a\u00f1os considero que algo habr\u00e1 que alzar, pero no me puedo adelantar a ese tema\u00bb.<\/p>\n<p>Los taxistas han solicitado que la carrera m\u00ednima suba de $1 a $2, sin embrago extraoficialmente se conoci\u00f3 que subir\u00edan a $1.50. (la hora)<\/p>\n","protected":false},"excerpt":{"rendered":"<p>El estudio que realiz\u00f3 la Pontificia Universidad Cat\u00f3lica (PUCE) sobre las carreras de los taxis en Quito ser\u00e1 entregado ma\u00f1ana<\/p>\n","protected":false},"author":1,"featured_media":0,"comment_status":"open","ping_status":"open","sticky":false,"template":"","format":"standard","meta":{"footnotes":""},"categories":[14,1],"tags":[],"_links":{"self":[{"href":"https:\/\/www.ecuadoraldia.com.ec\/index.php?rest_route=\/wp\/v2\/posts\/7544"}],"collection":[{"href":"https:\/\/www.ecuadoraldia.com.ec\/index.php?rest_route=\/wp\/v2\/posts"}],"about":[{"href":"https:\/\/www.ecuadoraldia.com.ec\/index.php?rest_route=\/wp\/v2\/types\/post"}],"author":[{"embeddable":true,"href":"https:\/\/www.ecuadoraldia.com.ec\/index.php?rest_route=\/wp\/v2\/users\/1"}],"replies":[{"embeddable":true,"href":"https:\/\/www.ecuadoraldia.com.ec\/index.php?rest_route=%2Fwp%2Fv2%2Fcomments&post=7544"}],"version-history":[{"count":1,"href":"https:\/\/www.ecuadoraldia.com.ec\/index.php?rest_route=\/wp\/v2\/posts\/7544\/revisions"}],"predecessor-version":[{"id":7546,"href":"https:\/\/www.ecuadoraldia.com.ec\/index.php?rest_route=\/wp\/v2\/posts\/7544\/revisions\/7546"}],"wp:attachment":[{"href":"https:\/\/www.ecuadoraldia.com.ec\/index.php?rest_route=%2Fwp%2Fv2%2Fmedia&parent=7544"}],"wp:term":[{"taxonomy":"category","embeddable":true,"href":"https:\/\/www.ecuadoraldia.com.ec\/index.php?rest_route=%2Fwp%2Fv2%2Fcategories&post=7544"},{"taxonomy":"post_tag","embeddable":true,"href":"https:\/\/www.ecuadoraldia.com.ec\/index.php?rest_route=%2Fwp%2Fv2%2Ftags&post=7544"}],"curies":[{"name":"wp","href":"https:\/\/api.w.org\/{rel}","templated":true}]}}