{"id":7554,"date":"2015-02-11T23:40:40","date_gmt":"2015-02-11T23:40:40","guid":{"rendered":"http:\/\/www.ecuadoraldia.com.ec\/?p=7554"},"modified":"2015-02-11T23:40:40","modified_gmt":"2015-02-11T23:40:40","slug":"supercom-presenta-estudio-sobre-cumplimiento-de-la-loc","status":"publish","type":"post","link":"https:\/\/www.ecuadoraldia.com.ec\/?p=7554","title":{"rendered":"Supercom presenta estudio sobre cumplimiento de la LOC"},"content":{"rendered":"<p style=\"text-align: justify;\"><a href=\"http:\/\/www.ecuadoraldia.com.ec\/wp-content\/uploads\/2015\/02\/imagen-supercom.png\"><img loading=\"lazy\" decoding=\"async\" class=\"alignleft size-medium wp-image-7555\" src=\"http:\/\/www.ecuadoraldia.com.ec\/wp-content\/uploads\/2015\/02\/imagen-supercom-300x156.png\" alt=\"imagen supercom\" width=\"300\" height=\"156\" srcset=\"https:\/\/www.ecuadoraldia.com.ec\/wp-content\/uploads\/2015\/02\/imagen-supercom-300x156.png 300w, https:\/\/www.ecuadoraldia.com.ec\/wp-content\/uploads\/2015\/02\/imagen-supercom.png 310w\" sizes=\"(max-width: 300px) 100vw, 300px\" \/><\/a>La selecci\u00f3n de los medios monitoreados se hizo en funci\u00f3n de su alcance nacional y regional. Se identificaron los contenidos difundidos seg\u00fan la audiencia y la franja horaria de nueve canales de televisi\u00f3n, 12 estaciones de radio y 10 medios impresos. Estos contenidos fueron analizados de acuerdo con 20 categor\u00edas jur\u00eddicas de la Ley Org\u00e1nica de Comunicaci\u00f3n y su Reglamento General.<\/p>\n<p>El estudio finaliza luego de cuatro levantamientos de informaci\u00f3n desarrollados en febrero, junio, septiembre y noviembre del a\u00f1o anterior y no posee car\u00e1cter sancionatorio, pues la intenci\u00f3n es la de identificar posibles infracciones y estructurar una pedagog\u00eda social respecto al cumplimiento de la LOC. Durante este per\u00edodo se realiz\u00f3 una validaci\u00f3n de los resultados obtenidos junto con los medios de comunicaci\u00f3n involucrados, con la finalidad de que tengan la oportunidad de realizar observaciones. Gracias a esto, el estudio final muestra mejor\u00eda en varias categor\u00edas, en comparaci\u00f3n con los primeros resultados.(Fuente Supercom)<\/p>\n","protected":false},"excerpt":{"rendered":"<p>La selecci\u00f3n de los medios monitoreados se hizo en funci\u00f3n de su alcance nacional y regional. Se identificaron los contenidos<\/p>\n","protected":false},"author":1,"featured_media":0,"comment_status":"open","ping_status":"open","sticky":false,"template":"","format":"standard","meta":{"footnotes":""},"categories":[3],"tags":[],"_links":{"self":[{"href":"https:\/\/www.ecuadoraldia.com.ec\/index.php?rest_route=\/wp\/v2\/posts\/7554"}],"collection":[{"href":"https:\/\/www.ecuadoraldia.com.ec\/index.php?rest_route=\/wp\/v2\/posts"}],"about":[{"href":"https:\/\/www.ecuadoraldia.com.ec\/index.php?rest_route=\/wp\/v2\/types\/post"}],"author":[{"embeddable":true,"href":"https:\/\/www.ecuadoraldia.com.ec\/index.php?rest_route=\/wp\/v2\/users\/1"}],"replies":[{"embeddable":true,"href":"https:\/\/www.ecuadoraldia.com.ec\/index.php?rest_route=%2Fwp%2Fv2%2Fcomments&post=7554"}],"version-history":[{"count":1,"href":"https:\/\/www.ecuadoraldia.com.ec\/index.php?rest_route=\/wp\/v2\/posts\/7554\/revisions"}],"predecessor-version":[{"id":7556,"href":"https:\/\/www.ecuadoraldia.com.ec\/index.php?rest_route=\/wp\/v2\/posts\/7554\/revisions\/7556"}],"wp:attachment":[{"href":"https:\/\/www.ecuadoraldia.com.ec\/index.php?rest_route=%2Fwp%2Fv2%2Fmedia&parent=7554"}],"wp:term":[{"taxonomy":"category","embeddable":true,"href":"https:\/\/www.ecuadoraldia.com.ec\/index.php?rest_route=%2Fwp%2Fv2%2Fcategories&post=7554"},{"taxonomy":"post_tag","embeddable":true,"href":"https:\/\/www.ecuadoraldia.com.ec\/index.php?rest_route=%2Fwp%2Fv2%2Ftags&post=7554"}],"curies":[{"name":"wp","href":"https:\/\/api.w.org\/{rel}","templated":true}]}}