{"id":7557,"date":"2015-02-12T00:04:54","date_gmt":"2015-02-12T00:04:54","guid":{"rendered":"http:\/\/www.ecuadoraldia.com.ec\/?p=7557"},"modified":"2015-02-12T00:04:54","modified_gmt":"2015-02-12T00:04:54","slug":"arizaga-decision-de-abandonar-la-can-es-una-opcion-entre-otras-que-analiza-el-estado-ecuatoriano","status":"publish","type":"post","link":"https:\/\/www.ecuadoraldia.com.ec\/?p=7557","title":{"rendered":"Ar\u00edzaga: Decisi\u00f3n de abandonar la CAN es una opci\u00f3n, entre otras, que analiza el Estado ecuatoriano"},"content":{"rendered":"<figure id=\"attachment_7558\" aria-describedby=\"caption-attachment-7558\" style=\"width: 281px\" class=\"wp-caption alignleft\"><a href=\"http:\/\/www.ecuadoraldia.com.ec\/wp-content\/uploads\/2015\/02\/arizaga.jpg\"><img loading=\"lazy\" decoding=\"async\" class=\"size-full wp-image-7558\" src=\"http:\/\/www.ecuadoraldia.com.ec\/wp-content\/uploads\/2015\/02\/arizaga.jpg\" alt=\"Foto-Internet\" width=\"281\" height=\"180\" \/><\/a><figcaption id=\"caption-attachment-7558\" class=\"wp-caption-text\">Foto-Internet<\/figcaption><\/figure>\n<p style=\"text-align: justify;\">El vicecanciller Leonardo Ar\u00edzaga dijo esta ma\u00f1ana que abandonar la Comunidad Andina de Naciones (CAN) es \u00abuna opci\u00f3n, entre otras, que se est\u00e1n analizando\u00bb por parte del Estado ecuatoriano, luego de la resoluci\u00f3n #1762 que emiti\u00f3 la Secretaria General del organismo, en donde recomend\u00f3 a Quito eliminar la salvaguardias impuestas a las importaciones procedentes de Colombia y Per\u00fa.<\/p>\n<p style=\"text-align: justify;\">Sin embargo, el viceministro de Relaciones Exteriores precis\u00f3 que la decisi\u00f3n se conocer\u00e1 \u00aben su momento, no nos vamos a adelantar hasta que el Presidente nos d\u00e9 una directriz muy clara\u00bb.<\/p>\n<p style=\"text-align: justify;\">Seg\u00fan Ar\u00edzaga, el Ecuador cuestion\u00f3 esa resoluci\u00f3n porque \u00abexisten muchos antecedentes para la aplicaci\u00f3n de las salvaguardias cambiarias, el Ecuador lo hizo, por ejemplo, en el a\u00f1o 2009, estamos revisando la resoluci\u00f3n emitida por la CAN\u00bb, detall\u00f3.<\/p>\n<p style=\"text-align: justify;\">Seg\u00fan el funcionario de Estado, \u00abel Ecuador interpondr\u00e1 todos los recursos que sean necesarios en esta materia, porque tenemos que defender a la producci\u00f3n nacional, trabajar de manera conjunta con nuestros vecinos como lo est\u00e1 haciendo el gobierno con Per\u00fa y Colombia, seguiremos informando a la opini\u00f3n p\u00fablica sobre este tema\u00bb.<\/p>\n<p style=\"text-align: justify;\">Ar\u00edzaga record\u00f3 que el presidente Rafael Correa y todos los compa\u00f1eros del frente productivo se\u00f1alaron \u00abque el Ecuador est\u00e1 en su pleno derecho. Estamos viendo unas opciones que vamos a adoptar para proteger a la poblaci\u00f3n y al sector productivo nacional\u00bb, anticip\u00f3.(Fuente el telegrafo-foto internet)<\/p>\n","protected":false},"excerpt":{"rendered":"<p>El vicecanciller Leonardo Ar\u00edzaga dijo esta ma\u00f1ana que abandonar la Comunidad Andina de Naciones (CAN) es \u00abuna opci\u00f3n, entre otras,<\/p>\n","protected":false},"author":1,"featured_media":0,"comment_status":"open","ping_status":"open","sticky":false,"template":"","format":"standard","meta":{"footnotes":""},"categories":[1],"tags":[],"_links":{"self":[{"href":"https:\/\/www.ecuadoraldia.com.ec\/index.php?rest_route=\/wp\/v2\/posts\/7557"}],"collection":[{"href":"https:\/\/www.ecuadoraldia.com.ec\/index.php?rest_route=\/wp\/v2\/posts"}],"about":[{"href":"https:\/\/www.ecuadoraldia.com.ec\/index.php?rest_route=\/wp\/v2\/types\/post"}],"author":[{"embeddable":true,"href":"https:\/\/www.ecuadoraldia.com.ec\/index.php?rest_route=\/wp\/v2\/users\/1"}],"replies":[{"embeddable":true,"href":"https:\/\/www.ecuadoraldia.com.ec\/index.php?rest_route=%2Fwp%2Fv2%2Fcomments&post=7557"}],"version-history":[{"count":1,"href":"https:\/\/www.ecuadoraldia.com.ec\/index.php?rest_route=\/wp\/v2\/posts\/7557\/revisions"}],"predecessor-version":[{"id":7559,"href":"https:\/\/www.ecuadoraldia.com.ec\/index.php?rest_route=\/wp\/v2\/posts\/7557\/revisions\/7559"}],"wp:attachment":[{"href":"https:\/\/www.ecuadoraldia.com.ec\/index.php?rest_route=%2Fwp%2Fv2%2Fmedia&parent=7557"}],"wp:term":[{"taxonomy":"category","embeddable":true,"href":"https:\/\/www.ecuadoraldia.com.ec\/index.php?rest_route=%2Fwp%2Fv2%2Fcategories&post=7557"},{"taxonomy":"post_tag","embeddable":true,"href":"https:\/\/www.ecuadoraldia.com.ec\/index.php?rest_route=%2Fwp%2Fv2%2Ftags&post=7557"}],"curies":[{"name":"wp","href":"https:\/\/api.w.org\/{rel}","templated":true}]}}