{"id":7587,"date":"2015-02-13T23:17:55","date_gmt":"2015-02-13T23:17:55","guid":{"rendered":"http:\/\/www.ecuadoraldia.com.ec\/?p=7587"},"modified":"2015-02-13T23:17:55","modified_gmt":"2015-02-13T23:17:55","slug":"cne-niega-pedido-de-compromiso-ecuador","status":"publish","type":"post","link":"https:\/\/www.ecuadoraldia.com.ec\/?p=7587","title":{"rendered":"CNE niega pedido de Compromiso Ecuador"},"content":{"rendered":"<p style=\"text-align: justify;\"><a href=\"http:\/\/www.ecuadoraldia.com.ec\/wp-content\/uploads\/2015\/02\/CNE_COMPROMISOECUADOR.jpg\"><img loading=\"lazy\" decoding=\"async\" class=\"alignleft size-full wp-image-7588\" src=\"http:\/\/www.ecuadoraldia.com.ec\/wp-content\/uploads\/2015\/02\/CNE_COMPROMISOECUADOR.jpg\" alt=\"CNE_COMPROMISOECUADOR\" width=\"272\" height=\"221\" \/><\/a>El pleno del Consejo Nacional Electoral (CNE) aprob\u00f3 en sesi\u00f3n de esta ma\u00f1ana negar la entrega de formularios para una consulta popular al colectivo Compromiso Ecuador.<\/p>\n<p style=\"text-align: justify;\">El informe presentado por la Direcci\u00f3n de Asesor\u00eda Jur\u00eddica del organismo electoral no admiti\u00f3 dar paso a esta solicitud entregada por segunda ocasi\u00f3n por el excandidato presidencial por CREO, Guillermo Lasso.<\/p>\n<p style=\"text-align: justify;\">El presidente del CNE, Juan Pablo Pozo, aclar\u00f3 que los procedimientos de consulta deben tener legitimidad y constitucionalidad. En ese sentido se determina que no cumple con el art\u00edculo 100 de la Ley de Garant\u00edas Jurisdiccionales y no cuenta con un dictamen previo de la Corte Constitucional.<\/p>\n<p style=\"text-align: justify;\">El art\u00edculo 100 de la ley de Garant\u00edas Jurisdiccionales y Control Constitucional establece que \u201ctodo proyecto de enmienda o Reforma Constitucional debe ser enviado a la Corte Constitucional para que indique cu\u00e1l de los procedimientos previstos en la Constituci\u00f3n corresponde, especificando que cuando la iniciativa provenga de la ciudadan\u00eda debe hac\u00e9rselo antes de dar inicio a la recolecci\u00f3n de las firmas requeridas para la respectiva convocatoria a Referendo\u201d.<\/p>\n<p style=\"text-align: justify;\">La pregunta planteada por Compromiso Ecuador en su petici\u00f3n fue: \u201cEst\u00e1 usted de acuerdo con que en el Ecuador se permita la reelecci\u00f3n indefinida del Presidente de la Rep\u00fablica y otros cargos de elecci\u00f3n popular\u201d.<\/p>\n<p style=\"text-align: justify;\">Aprueban entrega de formulario para consulta en Guayaquil<\/p>\n<p style=\"text-align: justify;\">En otro tema, el pleno del CNE aprob\u00f3 los pedidos de consulta popular sobre transporte p\u00fablico urbano en Guayaquil planteado por el alcalde de Guayaquil, Jaime Nebot, y el ciudadano \u00c9dison Mora en representaci\u00f3n de dos colectivos. En los pr\u00f3ximos d\u00edas se entregar\u00e1 los formularios para la recolecci\u00f3n de firmas que respalden la convocatoria.<\/p>\n<p style=\"text-align: justify;\">El Municipio de Guayaquil plante\u00f3 el pasado 22 de enero 2 preguntas: La primera se\u00f1ala: \u00bfConsidera usted que en las actuales condiciones que se presta el servicio de transporte p\u00fablicos de buses urbanos en Guayaquil, se eleve el valor del pasaje?. Mientras la segunda interroga: \u00bfConsidera usted que despu\u00e9s de que se reforme el sistema del servicio de transporte p\u00fablico de buses urbanos en Guayaquil y los transportistas adquieran nuevas unidades o mejores significativamente las existentes, se les reconozca $ 0,05 centavos de incremento al pasaje?.<\/p>\n<p style=\"text-align: justify;\">En el segundo caso el Pleno resolvi\u00f3 aceptar 8 de las 10 preguntas presentadas por el Observatorio Ciudadano de Servicios P\u00fablicos y la Coalici\u00f3n de Organizaciones Ciudadanas por Guayaquil. El pasado 4 de febrero entregaron ante la Delegaci\u00f3n del Guayas del Consejo Nacional Electoral, una propuesta de consulta popular.<\/p>\n<p style=\"text-align: justify;\">Estas preguntas est\u00e1n relacionadas con cambios en el servicio de transporte municipal (Metrov\u00eda), el retiro de la concesi\u00f3n de agua potable y alcantarillado y que pase al Cabildo, la desconcentraci\u00f3n de los servicios municipales, y que se los preste por distritos, y que en el personal de la Polic\u00eda Metropolitana haya m\u00e1s participaci\u00f3n de mujeres.<\/p>\n<p style=\"text-align: justify;\">El organismo electoral decidi\u00f3 no dar paso a las preguntas 3 y 4 en referencia a los impuestos de los bomberos y sobre las competencias, respectivamente. Se argument\u00f3 que deber\u00edan tener un pronunciamiento previo de la Corte Constitucional.<\/p>\n<p style=\"text-align: justify;\">Seg\u00fan la Constituci\u00f3n, en su art\u00edculo 104, cuando la consulta popular sea de car\u00e1cter local el respaldo ser\u00e1 de un numero no inferior del 10% del correspondiente padr\u00f3n electoral.(Fuente el Tel\u00e9grafo)<\/p>\n","protected":false},"excerpt":{"rendered":"<p>El pleno del Consejo Nacional Electoral (CNE) aprob\u00f3 en sesi\u00f3n de esta ma\u00f1ana negar la entrega de formularios para una<\/p>\n","protected":false},"author":1,"featured_media":0,"comment_status":"open","ping_status":"open","sticky":false,"template":"","format":"standard","meta":{"footnotes":""},"categories":[3],"tags":[],"_links":{"self":[{"href":"https:\/\/www.ecuadoraldia.com.ec\/index.php?rest_route=\/wp\/v2\/posts\/7587"}],"collection":[{"href":"https:\/\/www.ecuadoraldia.com.ec\/index.php?rest_route=\/wp\/v2\/posts"}],"about":[{"href":"https:\/\/www.ecuadoraldia.com.ec\/index.php?rest_route=\/wp\/v2\/types\/post"}],"author":[{"embeddable":true,"href":"https:\/\/www.ecuadoraldia.com.ec\/index.php?rest_route=\/wp\/v2\/users\/1"}],"replies":[{"embeddable":true,"href":"https:\/\/www.ecuadoraldia.com.ec\/index.php?rest_route=%2Fwp%2Fv2%2Fcomments&post=7587"}],"version-history":[{"count":1,"href":"https:\/\/www.ecuadoraldia.com.ec\/index.php?rest_route=\/wp\/v2\/posts\/7587\/revisions"}],"predecessor-version":[{"id":7589,"href":"https:\/\/www.ecuadoraldia.com.ec\/index.php?rest_route=\/wp\/v2\/posts\/7587\/revisions\/7589"}],"wp:attachment":[{"href":"https:\/\/www.ecuadoraldia.com.ec\/index.php?rest_route=%2Fwp%2Fv2%2Fmedia&parent=7587"}],"wp:term":[{"taxonomy":"category","embeddable":true,"href":"https:\/\/www.ecuadoraldia.com.ec\/index.php?rest_route=%2Fwp%2Fv2%2Fcategories&post=7587"},{"taxonomy":"post_tag","embeddable":true,"href":"https:\/\/www.ecuadoraldia.com.ec\/index.php?rest_route=%2Fwp%2Fv2%2Ftags&post=7587"}],"curies":[{"name":"wp","href":"https:\/\/api.w.org\/{rel}","templated":true}]}}