{"id":7590,"date":"2015-02-13T23:18:43","date_gmt":"2015-02-13T23:18:43","guid":{"rendered":"http:\/\/www.ecuadoraldia.com.ec\/?p=7590"},"modified":"2015-02-13T23:18:43","modified_gmt":"2015-02-13T23:18:43","slug":"supercom-sanciona-a-bonil-y-diario-el-universo-por-caricatura","status":"publish","type":"post","link":"https:\/\/www.ecuadoraldia.com.ec\/?p=7590","title":{"rendered":"Supercom sanciona a &#8216;Bonil&#8217; y diario El Universo por caricatura"},"content":{"rendered":"<p style=\"text-align: justify;\"><a href=\"http:\/\/www.ecuadoraldia.com.ec\/wp-content\/uploads\/2015\/02\/Bonil-Toto-de-ecuadortimes.net_.jpg\"><img loading=\"lazy\" decoding=\"async\" class=\"alignleft size-full wp-image-7591\" src=\"http:\/\/www.ecuadoraldia.com.ec\/wp-content\/uploads\/2015\/02\/Bonil-Toto-de-ecuadortimes.net_.jpg\" alt=\"Bonil Toto de ecuadortimes.net\" width=\"254\" height=\"220\" \/><\/a>La Superintendencia de la Informaci\u00f3n y Comunicaci\u00f3n (Supercom) sancion\u00f3 al caricaturista Xavier Bonilla, conocido como &#8216;Bonil&#8217; y a diario El Universo por una caricatura que afect\u00f3 al colectivo social afro-ecuatoriano, infringiendo el art\u00edculo 62 de la Ley Org\u00e1nica de Comunicaci\u00f3n (LOC) con una disculpa p\u00fablica a colectivos afro-ecuatorianos.<\/p>\n<p style=\"text-align: justify;\">El Universo, en su edici\u00f3n impresa del 5 de agosto de 2014, en la \u201cLa Columna de Bonil\u201d, infringi\u00f3 los articulos de la LOC que hacen referencia a la prohibici\u00f3n que tienen los medios de comunicaci\u00f3n de difundir contenidos discriminatorios.<\/p>\n<p style=\"text-align: justify;\">La resoluci\u00f3n impone como medida administrativa que dentro del t\u00e9rmino de 72 horas contadas a partir de la notificaci\u00f3n, el director de Diario El Universo difunda en el mismo espacio, esto es, en la secci\u00f3n Opini\u00f3n, \u201cColumna de Bonil\u201d; una disculpa p\u00fablica a los colectivos afro-ecuatorianos, afectados por el contenido discriminatorio en raz\u00f3n de condici\u00f3n socio-econ\u00f3mica.<\/p>\n<p style=\"text-align: justify;\">La disculpa se enviar\u00e1 con copia a la Supercom, para publicarla en su p\u00e1gina web y en la primera interfaz de la p\u00e1gina web del referido medio de comunicaci\u00f3n social, por un plazo no menor a siete d\u00edas consecutivos.<\/p>\n<p style=\"text-align: justify;\">Adicionalmente, se emite una amonestaci\u00f3n escrita al se\u00f1or Bonilla, previni\u00e9ndole de la obligaci\u00f3n de corregir y mejorar sus pr\u00e1cticas para el pleno y eficaz ejercicio de los derechos a la comunicaci\u00f3n, y se le conmina a abstenerse de reincidir en el cometimiento de actos que se encuentran re\u00f1idos con la Ley Org\u00e1nica de Comunicaci\u00f3n.<\/p>\n<p style=\"text-align: justify;\">La resoluci\u00f3n es de obligatorio cumplimiento, conforme lo establecen los art\u00edculos 55 y 58 de la LOC.(Fuente el Tel\u00e9grafo)<\/p>\n","protected":false},"excerpt":{"rendered":"<p>La Superintendencia de la Informaci\u00f3n y Comunicaci\u00f3n (Supercom) sancion\u00f3 al caricaturista Xavier Bonilla, conocido como &#8216;Bonil&#8217; y a diario El<\/p>\n","protected":false},"author":1,"featured_media":0,"comment_status":"open","ping_status":"open","sticky":false,"template":"","format":"standard","meta":{"footnotes":""},"categories":[1],"tags":[],"_links":{"self":[{"href":"https:\/\/www.ecuadoraldia.com.ec\/index.php?rest_route=\/wp\/v2\/posts\/7590"}],"collection":[{"href":"https:\/\/www.ecuadoraldia.com.ec\/index.php?rest_route=\/wp\/v2\/posts"}],"about":[{"href":"https:\/\/www.ecuadoraldia.com.ec\/index.php?rest_route=\/wp\/v2\/types\/post"}],"author":[{"embeddable":true,"href":"https:\/\/www.ecuadoraldia.com.ec\/index.php?rest_route=\/wp\/v2\/users\/1"}],"replies":[{"embeddable":true,"href":"https:\/\/www.ecuadoraldia.com.ec\/index.php?rest_route=%2Fwp%2Fv2%2Fcomments&post=7590"}],"version-history":[{"count":1,"href":"https:\/\/www.ecuadoraldia.com.ec\/index.php?rest_route=\/wp\/v2\/posts\/7590\/revisions"}],"predecessor-version":[{"id":7592,"href":"https:\/\/www.ecuadoraldia.com.ec\/index.php?rest_route=\/wp\/v2\/posts\/7590\/revisions\/7592"}],"wp:attachment":[{"href":"https:\/\/www.ecuadoraldia.com.ec\/index.php?rest_route=%2Fwp%2Fv2%2Fmedia&parent=7590"}],"wp:term":[{"taxonomy":"category","embeddable":true,"href":"https:\/\/www.ecuadoraldia.com.ec\/index.php?rest_route=%2Fwp%2Fv2%2Fcategories&post=7590"},{"taxonomy":"post_tag","embeddable":true,"href":"https:\/\/www.ecuadoraldia.com.ec\/index.php?rest_route=%2Fwp%2Fv2%2Ftags&post=7590"}],"curies":[{"name":"wp","href":"https:\/\/api.w.org\/{rel}","templated":true}]}}