{"id":7593,"date":"2015-02-13T23:23:29","date_gmt":"2015-02-13T23:23:29","guid":{"rendered":"http:\/\/www.ecuadoraldia.com.ec\/?p=7593"},"modified":"2015-02-13T23:23:29","modified_gmt":"2015-02-13T23:23:29","slug":"argentina-fiscal-imputa-a-la-presidenta-cristina-fernandez","status":"publish","type":"post","link":"https:\/\/www.ecuadoraldia.com.ec\/?p=7593","title":{"rendered":"Argentina: Fiscal imputa a la presidenta Cristina Fern\u00e1ndez"},"content":{"rendered":"<p style=\"text-align: justify;\"><a href=\"http:\/\/www.ecuadoraldia.com.ec\/wp-content\/uploads\/2015\/02\/CRISTINADEKICHNER.jpg\"><img loading=\"lazy\" decoding=\"async\" class=\"alignleft size-full wp-image-7594\" src=\"http:\/\/www.ecuadoraldia.com.ec\/wp-content\/uploads\/2015\/02\/CRISTINADEKICHNER.jpg\" alt=\"CRISTINADEKICHNER\" width=\"260\" height=\"247\" \/><\/a>El fiscal federal Gerardo Pollicita decidi\u00f3 este viernes imputar a la presidenta argentina, Cristina Fern\u00e1ndez de Kirchner, y otros funcionarios en el marco de la denuncia presentada por el fallecido Alberto Nisman por presunto encubrimiento de terroristas iran\u00edes por el atentado a la AMIA, informaron fuentes judiciales a medios locales.<\/p>\n<p style=\"text-align: justify;\">Tambi\u00e9n fueron imputados el diputado Andr\u00e9s Larroque, los dirigentes Luis D&#8217;el\u00eda y Fernando Esteche; el dirigente isl\u00e1mico Jorge Yusuf Khalil, el exjuez H\u00e9ctor Yrimia y Ram\u00f3n \u00abAlan\u00bb Bogado.<\/p>\n<p style=\"text-align: justify;\">El requerimiento de Pollicita fue presentado ante el juez federal Sebasti\u00e1n Ramos, subrogante de Daniel Rafecas, ante quien hab\u00eda quedado radicada la denuncia de Nisman, quien fue encontrado muerto del 18 de enero en su departamento en la zona de Puerto Madero, en Buenos Aires.<\/p>\n<p style=\"text-align: justify;\">El fiscal dispuso \u00abiniciar la pertinente investigaci\u00f3n con miras a comprobar (&#8230;) la existencia del hecho y, consecuentemente, si el mismo puede ser penalmente reprochado a sus responsables\u00bb.<\/p>\n<p style=\"text-align: justify;\">Fern\u00e1ndez, de 61 a\u00f1os, podr\u00eda ser citada a dar una declaraci\u00f3n indagatoria, presencial o por escrito si el juez que lleva este caso as\u00ed lo decide.<\/p>\n<p style=\"text-align: justify;\">La Procuraci\u00f3n del Tesoro (Fiscal\u00eda de Estado) hab\u00eda presentado hoy el rechazo formal a la denuncia de Nisman, al se\u00f1alar que \u00abninguna actuaci\u00f3n de las autoridades del Gobierno tuvo por objeto la desincriminaci\u00f3n de los ciudadanos iran\u00edes alcanzados por las notificaciones rojas (capturas) de Interpol\u00bb, reafirmadas por Fern\u00e1ndez.<\/p>\n<p style=\"text-align: justify;\">\u00abGolpismo judicial\u00bb<\/p>\n<p style=\"text-align: justify;\">Hoy, el gobierno argentino tambi\u00e9n denunci\u00f3 un \u00abgolpismo judicial\u00bb montado en la acusaci\u00f3n del fallecido fiscal Alberto Nisman contra la Presidenta, a cinco d\u00edas de una marcha opositora por el funcionario muerto misteriosamente.<\/p>\n<p style=\"text-align: justify;\">La denuncia de Nisman contra Fern\u00e1ndez, por supuestamente tratar de desviar investigaciones sobre un atentado antijud\u00edo cometido en 1994 y el mitin \u00abson una estrategia de golpismo judicial activo, que busca estr\u00e9pito social\u00bb, dijo el jefe de Gabinete, Jorge Capitanich.<\/p>\n<p style=\"text-align: justify;\">\u00abEn el mundo la puja es entre la democracia y grupos oscuros vinculados a poderes econ\u00f3micos. (El presidente de EE.UU.) Barack Obama enfrenta una embestida de la derecha republicana m\u00e1s recalcitrante. En Brasil, Dilma Rousseff sufre un ataque con pedidos de juicio pol\u00edtico\u00bb, a\u00f1adi\u00f3.<\/p>\n<p style=\"text-align: justify;\">El origen del caso se remonta a m\u00e1s de 20 a\u00f1os cuando desconocidos volaron con una bomba la mutual judeo-argentina AMIA con saldo de 85 muertos y 300 heridos.<\/p>\n<p style=\"text-align: justify;\">En 2005, el extinto expresidente N\u00e9stor Kirchner (2003-2007) impuls\u00f3 una denuncia contra exgobernantes iran\u00edes, entre ellos el expresidente Ali Rafsanjani, causa que qued\u00f3 en manos de Nisman.<\/p>\n<p style=\"text-align: justify;\">Pero en 2013 Nisman y l\u00edderes de la numerosa colectividad jud\u00eda se opusieron a un acuerdo de Fern\u00e1ndez con Ir\u00e1n para interrogar a los sospechosos y adujeron que Teher\u00e1n no es confiable.<\/p>\n<p style=\"text-align: justify;\">El 14 de enero, Nisman hab\u00eda vuelto de Europa para acusar a la mandataria de encubrir a los iran\u00edes. El 18 de enero apareci\u00f3 muerto en su apartamento con un disparo en la cabeza y en su mano derecha una pistola pedida a un colaborador.<\/p>\n<p style=\"text-align: justify;\">Un d\u00eda despu\u00e9s deb\u00eda explicar ante comisiones del Congreso por qu\u00e9 acusaba a la Presidenta.<\/p>\n<p style=\"text-align: justify;\">Sectores judiciales que convocan a la movilizaci\u00f3n est\u00e1n vinculados a la Asociaci\u00f3n de Magistrados, enfrentada con el Gobierno, mientras que la agrupaci\u00f3n de procuradores y jueces Justicia Leg\u00edtima rechaza la denuncia contra Fern\u00e1ndez por considerar que carece de pruebas. (Fuente el Tel\u00e9grafo)<\/p>\n<p>Video Agencia T\u00e9lam<br \/>\n<iframe loading=\"lazy\" width=\"800\" height=\"450\" src=\"https:\/\/www.youtube.com\/embed\/bVJatgd_uiY?feature=oembed\" frameborder=\"0\" allowfullscreen><\/iframe><\/p>\n","protected":false},"excerpt":{"rendered":"<p>El fiscal federal Gerardo Pollicita decidi\u00f3 este viernes imputar a la presidenta argentina, Cristina Fern\u00e1ndez de Kirchner, y otros funcionarios<\/p>\n","protected":false},"author":1,"featured_media":0,"comment_status":"open","ping_status":"open","sticky":false,"template":"","format":"standard","meta":{"footnotes":""},"categories":[7],"tags":[],"_links":{"self":[{"href":"https:\/\/www.ecuadoraldia.com.ec\/index.php?rest_route=\/wp\/v2\/posts\/7593"}],"collection":[{"href":"https:\/\/www.ecuadoraldia.com.ec\/index.php?rest_route=\/wp\/v2\/posts"}],"about":[{"href":"https:\/\/www.ecuadoraldia.com.ec\/index.php?rest_route=\/wp\/v2\/types\/post"}],"author":[{"embeddable":true,"href":"https:\/\/www.ecuadoraldia.com.ec\/index.php?rest_route=\/wp\/v2\/users\/1"}],"replies":[{"embeddable":true,"href":"https:\/\/www.ecuadoraldia.com.ec\/index.php?rest_route=%2Fwp%2Fv2%2Fcomments&post=7593"}],"version-history":[{"count":1,"href":"https:\/\/www.ecuadoraldia.com.ec\/index.php?rest_route=\/wp\/v2\/posts\/7593\/revisions"}],"predecessor-version":[{"id":7595,"href":"https:\/\/www.ecuadoraldia.com.ec\/index.php?rest_route=\/wp\/v2\/posts\/7593\/revisions\/7595"}],"wp:attachment":[{"href":"https:\/\/www.ecuadoraldia.com.ec\/index.php?rest_route=%2Fwp%2Fv2%2Fmedia&parent=7593"}],"wp:term":[{"taxonomy":"category","embeddable":true,"href":"https:\/\/www.ecuadoraldia.com.ec\/index.php?rest_route=%2Fwp%2Fv2%2Fcategories&post=7593"},{"taxonomy":"post_tag","embeddable":true,"href":"https:\/\/www.ecuadoraldia.com.ec\/index.php?rest_route=%2Fwp%2Fv2%2Ftags&post=7593"}],"curies":[{"name":"wp","href":"https:\/\/api.w.org\/{rel}","templated":true}]}}