{"id":7596,"date":"2015-02-13T23:26:47","date_gmt":"2015-02-13T23:26:47","guid":{"rendered":"http:\/\/www.ecuadoraldia.com.ec\/?p=7596"},"modified":"2015-02-13T23:26:47","modified_gmt":"2015-02-13T23:26:47","slug":"quitenos-prefieren-las-rutas-de-la-costa-para-el-feriado-de-carnaval","status":"publish","type":"post","link":"https:\/\/www.ecuadoraldia.com.ec\/?p=7596","title":{"rendered":"Quite\u00f1os prefieren las rutas de la Costa para el feriado de Carnaval"},"content":{"rendered":"<p style=\"text-align: justify;\"><a href=\"http:\/\/www.ecuadoraldia.com.ec\/wp-content\/uploads\/2015\/02\/quitumbe-terminal-terrestre.jpg\"><img loading=\"lazy\" decoding=\"async\" class=\"alignleft size-full wp-image-7597\" src=\"http:\/\/www.ecuadoraldia.com.ec\/wp-content\/uploads\/2015\/02\/quitumbe-terminal-terrestre.jpg\" alt=\"quitumbe terminal terrestre\" width=\"275\" height=\"228\" \/><\/a>Hasta el mediod\u00eda de hoy, en la terminal de Quitumbe (sur de Quito), varias cooperativas interprovinciales agotaron la venta de boletos para las rutas de la Costa del pa\u00eds.<\/p>\n<p style=\"text-align: justify;\">Las principales rutas que decidieron los quite\u00f1os fueron Guayaquil, Santo Domingo, Machala, Manta, Esmeraldas y Santa Elena. Otras de las rutas solicitadas fueron Cuenca, Puyo, Ambato, Ba\u00f1os.<\/p>\n<p style=\"text-align: justify;\">Incluso varios pasajeros tuvieron que anticipar la compra hoy para poder viajar la medianoche del domingo.<\/p>\n<p style=\"text-align: justify;\">La Agencia Nacional de Tr\u00e1nsito (ANT) realiz\u00f3 controles para prevenir cobros exagerados en los pasajes, tambi\u00e9n se realizaron revisiones mec\u00e1nicas a los automotores y se realiz\u00f3 pruebas de alcoholemia a los conductores. Tambi\u00e9n se revis\u00f3 que los veh\u00edculos no lleven pasajeros parados.<\/p>\n<p style=\"text-align: justify;\">En esta terminal, ubicada en el sur de Quito, hubo gran afluencia de pasajeros, al igual que en la terminal de Carcel\u00e9n, en donde los buses salen para las provincias del norte del pa\u00eds. (El Tel\u00e9grafo)<\/p>\n","protected":false},"excerpt":{"rendered":"<p>Hasta el mediod\u00eda de hoy, en la terminal de Quitumbe (sur de Quito), varias cooperativas interprovinciales agotaron la venta de<\/p>\n","protected":false},"author":1,"featured_media":0,"comment_status":"open","ping_status":"open","sticky":false,"template":"","format":"standard","meta":{"footnotes":""},"categories":[4],"tags":[],"_links":{"self":[{"href":"https:\/\/www.ecuadoraldia.com.ec\/index.php?rest_route=\/wp\/v2\/posts\/7596"}],"collection":[{"href":"https:\/\/www.ecuadoraldia.com.ec\/index.php?rest_route=\/wp\/v2\/posts"}],"about":[{"href":"https:\/\/www.ecuadoraldia.com.ec\/index.php?rest_route=\/wp\/v2\/types\/post"}],"author":[{"embeddable":true,"href":"https:\/\/www.ecuadoraldia.com.ec\/index.php?rest_route=\/wp\/v2\/users\/1"}],"replies":[{"embeddable":true,"href":"https:\/\/www.ecuadoraldia.com.ec\/index.php?rest_route=%2Fwp%2Fv2%2Fcomments&post=7596"}],"version-history":[{"count":1,"href":"https:\/\/www.ecuadoraldia.com.ec\/index.php?rest_route=\/wp\/v2\/posts\/7596\/revisions"}],"predecessor-version":[{"id":7598,"href":"https:\/\/www.ecuadoraldia.com.ec\/index.php?rest_route=\/wp\/v2\/posts\/7596\/revisions\/7598"}],"wp:attachment":[{"href":"https:\/\/www.ecuadoraldia.com.ec\/index.php?rest_route=%2Fwp%2Fv2%2Fmedia&parent=7596"}],"wp:term":[{"taxonomy":"category","embeddable":true,"href":"https:\/\/www.ecuadoraldia.com.ec\/index.php?rest_route=%2Fwp%2Fv2%2Fcategories&post=7596"},{"taxonomy":"post_tag","embeddable":true,"href":"https:\/\/www.ecuadoraldia.com.ec\/index.php?rest_route=%2Fwp%2Fv2%2Ftags&post=7596"}],"curies":[{"name":"wp","href":"https:\/\/api.w.org\/{rel}","templated":true}]}}