{"id":7599,"date":"2015-02-19T00:37:24","date_gmt":"2015-02-19T00:37:24","guid":{"rendered":"http:\/\/www.ecuadoraldia.com.ec\/?p=7599"},"modified":"2015-02-19T00:37:24","modified_gmt":"2015-02-19T00:37:24","slug":"francisco-rivadeneira-ya-no-sera-parte-del-gabinete-ministerial","status":"publish","type":"post","link":"https:\/\/www.ecuadoraldia.com.ec\/?p=7599","title":{"rendered":"Francisco Rivadeneira ya no ser\u00e1 parte del gabinete ministerial"},"content":{"rendered":"<p style=\"text-align: justify;\"><a href=\"http:\/\/www.ecuadoraldia.com.ec\/wp-content\/uploads\/2015\/02\/Francisco-Rivadeneira_.jpg\"><img loading=\"lazy\" decoding=\"async\" class=\"alignleft size-medium wp-image-7600\" src=\"http:\/\/www.ecuadoraldia.com.ec\/wp-content\/uploads\/2015\/02\/Francisco-Rivadeneira_-300x198.jpg\" alt=\"-Francisco-Rivadeneira_\" width=\"300\" height=\"198\" srcset=\"https:\/\/www.ecuadoraldia.com.ec\/wp-content\/uploads\/2015\/02\/Francisco-Rivadeneira_-300x198.jpg 300w, https:\/\/www.ecuadoraldia.com.ec\/wp-content\/uploads\/2015\/02\/Francisco-Rivadeneira_.jpg 450w\" sizes=\"(max-width: 300px) 100vw, 300px\" \/><\/a>Francisco Rivadeneira, mediante su cuenta de facebook, dio a conocer su decisi\u00f3n de dejar el Ministerio de Comercio Exterior. Estuvo al frente de esta cartera de Estado desde el 19 de junio del 2013, fecha en que el presidente de la Rep\u00fablica, Rafael Correa emitiera el Decreto Ejecutivo No.29.<\/p>\n<p style=\"text-align: justify;\">\u00abEsta ma\u00f1ana (mi\u00e9rcoles) fui comunicado que ya no ser\u00e9 parte del gabinete presidencial\u00bb, escribi\u00f3 Rivadeneira.<\/p>\n<p style=\"text-align: justify;\">\u00abQuiero aprovechar el espacio para p\u00fablicamente agradecer al Presidente (Rafael Correa) por haberme dado la oportunidad de servir a mi pa\u00eds y a los m\u00edos. Lo he hecho con orgullo, con mucho gusto y con mucha dedicaci\u00f3n. Me voy con una sensaci\u00f3n de haber hecho las cosas bastante bien y, por ende, con mi conciencia tranquila. Aunque siempre se puede hacer m\u00e1s y mejor\u00bb, co0nsta en la p\u00e1gina personal del ex Ministro.<\/p>\n<p style=\"text-align: justify;\">Francisco Rivadeienra, durante su tiempo al frente del Ministerio de Comercio Exterior logr\u00f3, entre otros temas, concluir con las negociaciones para lograr el acuerdo comercial entre Ecuador y la Uni\u00f3n Europea, a finales del a\u00f1o anterior. (Tel\u00e9grafo)<\/p>\n","protected":false},"excerpt":{"rendered":"<p>Francisco Rivadeneira, mediante su cuenta de facebook, dio a conocer su decisi\u00f3n de dejar el Ministerio de Comercio Exterior. Estuvo<\/p>\n","protected":false},"author":1,"featured_media":0,"comment_status":"open","ping_status":"open","sticky":false,"template":"","format":"standard","meta":{"footnotes":""},"categories":[1],"tags":[],"_links":{"self":[{"href":"https:\/\/www.ecuadoraldia.com.ec\/index.php?rest_route=\/wp\/v2\/posts\/7599"}],"collection":[{"href":"https:\/\/www.ecuadoraldia.com.ec\/index.php?rest_route=\/wp\/v2\/posts"}],"about":[{"href":"https:\/\/www.ecuadoraldia.com.ec\/index.php?rest_route=\/wp\/v2\/types\/post"}],"author":[{"embeddable":true,"href":"https:\/\/www.ecuadoraldia.com.ec\/index.php?rest_route=\/wp\/v2\/users\/1"}],"replies":[{"embeddable":true,"href":"https:\/\/www.ecuadoraldia.com.ec\/index.php?rest_route=%2Fwp%2Fv2%2Fcomments&post=7599"}],"version-history":[{"count":1,"href":"https:\/\/www.ecuadoraldia.com.ec\/index.php?rest_route=\/wp\/v2\/posts\/7599\/revisions"}],"predecessor-version":[{"id":7601,"href":"https:\/\/www.ecuadoraldia.com.ec\/index.php?rest_route=\/wp\/v2\/posts\/7599\/revisions\/7601"}],"wp:attachment":[{"href":"https:\/\/www.ecuadoraldia.com.ec\/index.php?rest_route=%2Fwp%2Fv2%2Fmedia&parent=7599"}],"wp:term":[{"taxonomy":"category","embeddable":true,"href":"https:\/\/www.ecuadoraldia.com.ec\/index.php?rest_route=%2Fwp%2Fv2%2Fcategories&post=7599"},{"taxonomy":"post_tag","embeddable":true,"href":"https:\/\/www.ecuadoraldia.com.ec\/index.php?rest_route=%2Fwp%2Fv2%2Ftags&post=7599"}],"curies":[{"name":"wp","href":"https:\/\/api.w.org\/{rel}","templated":true}]}}