{"id":7602,"date":"2015-02-19T00:39:11","date_gmt":"2015-02-19T00:39:11","guid":{"rendered":"http:\/\/www.ecuadoraldia.com.ec\/?p=7602"},"modified":"2015-02-19T00:39:11","modified_gmt":"2015-02-19T00:39:11","slug":"gobierno-y-operadoras-firmaron-convenio-para-mejorar-servicio-con-4g","status":"publish","type":"post","link":"https:\/\/www.ecuadoraldia.com.ec\/?p=7602","title":{"rendered":"Gobierno y operadoras firmaron convenio para mejorar servicio con 4G"},"content":{"rendered":"<p style=\"text-align: justify;\"><a href=\"http:\/\/www.ecuadoraldia.com.ec\/wp-content\/uploads\/2015\/02\/tecnologa-4G_.jpg\"><img loading=\"lazy\" decoding=\"async\" class=\"alignleft size-medium wp-image-7603\" src=\"http:\/\/www.ecuadoraldia.com.ec\/wp-content\/uploads\/2015\/02\/tecnologa-4G_-300x199.jpg\" alt=\"tecnologa 4G_\" width=\"300\" height=\"199\" srcset=\"https:\/\/www.ecuadoraldia.com.ec\/wp-content\/uploads\/2015\/02\/tecnologa-4G_-300x199.jpg 300w, https:\/\/www.ecuadoraldia.com.ec\/wp-content\/uploads\/2015\/02\/tecnologa-4G_.jpg 450w\" sizes=\"(max-width: 300px) 100vw, 300px\" \/><\/a>Hoy se suscribi\u00f3 el contrato para la asignaci\u00f3n adicional del espectro de la red de cuarta generaci\u00f3n (4G), entre el Gobierno Nacional y los representantes de las operadoras de telefon\u00eda m\u00f3vil privada en el pa\u00eds, Movistar (Otecel S.A.) y Claro (Conecel S.A.).<\/p>\n<p style=\"text-align: justify;\">El valor del contrato es de $ 330 millones y tendr\u00e1 vigencia hasta 2023, tiempo en el cual termina la concesi\u00f3n, seg\u00fan las autoridades de Estado.<\/p>\n<p style=\"text-align: justify;\">Los representantes de las 2 operadoras detallaron que la red de cuarta generaci\u00f3n estar\u00e1 disponible para la ciudadan\u00eda en aproximadamente 6 semanas, ya que se ultiman detalles para la prestaci\u00f3n de este servicio. Por ello, precisaron que si un usuario desea contar con 4G en su dispositivo m\u00f3vil deber\u00e1 tomar en cuenta la capacidad de su equipo y debe cancelar un valor extra por este servicio. A\u00fan no especificaron el monto, porque se\u00f1alaron que a\u00fan est\u00e1n definiendo el proceso.<\/p>\n<p style=\"text-align: justify;\">El 2 de febrero de 2014, el entonces Consejo Nacional de Telecomunicaciones (Conatel) aprob\u00f3 los t\u00e9rminos y condiciones t\u00e9cnicas, econ\u00f3micas y legales para la asignaci\u00f3n de 50 megahercios (Mhz) adicionales a la empresa Movistar y 60 Mhz a Claro, que incluye una porci\u00f3n de espectro para mejorar la calidad de los servicios 3G. Con este contrato estar\u00eda previsto que presten servicio de voz y datos en mil kil\u00f3metros adicionales de carretera.<\/p>\n<p style=\"text-align: justify;\">Augusto Esp\u00edn, ministro de Telecomunicaciones y de la Sociedad de la Informaci\u00f3n, sostuvo que la suscripci\u00f3n de este contrato evidencia el compromiso del Gobierno Nacional por atender a la ciudadan\u00eda con servicios de \u00faltima tecnolog\u00eda. \u201cEsta firma representa un importante avance en el desarrollo del sector de las telecomunicaciones, con un beneficio directo para los ciudadanos\u201d, apunt\u00f3.<\/p>\n<p style=\"text-align: justify;\">El 4G representa para los ciudadanos mayor velocidad para conexi\u00f3n a internet desde los dispositivos m\u00f3viles. Tambi\u00e9n est\u00e1 previsto que mejoren las capacidades de las redes actuales desplegadas en el pa\u00eds, la calidad de los servicios que reciben los usuarios y las funcionalidades de los equipos m\u00f3viles. As\u00ed podr\u00e1n acceder a informaci\u00f3n y contenidos multimedia en tiempo real, como v\u00eddeos, pel\u00edculas, entre otros. (Tel\u00e9grafo)<\/p>\n","protected":false},"excerpt":{"rendered":"<p>Hoy se suscribi\u00f3 el contrato para la asignaci\u00f3n adicional del espectro de la red de cuarta generaci\u00f3n (4G), entre el<\/p>\n","protected":false},"author":1,"featured_media":0,"comment_status":"open","ping_status":"open","sticky":false,"template":"","format":"standard","meta":{"footnotes":""},"categories":[9,3],"tags":[],"_links":{"self":[{"href":"https:\/\/www.ecuadoraldia.com.ec\/index.php?rest_route=\/wp\/v2\/posts\/7602"}],"collection":[{"href":"https:\/\/www.ecuadoraldia.com.ec\/index.php?rest_route=\/wp\/v2\/posts"}],"about":[{"href":"https:\/\/www.ecuadoraldia.com.ec\/index.php?rest_route=\/wp\/v2\/types\/post"}],"author":[{"embeddable":true,"href":"https:\/\/www.ecuadoraldia.com.ec\/index.php?rest_route=\/wp\/v2\/users\/1"}],"replies":[{"embeddable":true,"href":"https:\/\/www.ecuadoraldia.com.ec\/index.php?rest_route=%2Fwp%2Fv2%2Fcomments&post=7602"}],"version-history":[{"count":1,"href":"https:\/\/www.ecuadoraldia.com.ec\/index.php?rest_route=\/wp\/v2\/posts\/7602\/revisions"}],"predecessor-version":[{"id":7604,"href":"https:\/\/www.ecuadoraldia.com.ec\/index.php?rest_route=\/wp\/v2\/posts\/7602\/revisions\/7604"}],"wp:attachment":[{"href":"https:\/\/www.ecuadoraldia.com.ec\/index.php?rest_route=%2Fwp%2Fv2%2Fmedia&parent=7602"}],"wp:term":[{"taxonomy":"category","embeddable":true,"href":"https:\/\/www.ecuadoraldia.com.ec\/index.php?rest_route=%2Fwp%2Fv2%2Fcategories&post=7602"},{"taxonomy":"post_tag","embeddable":true,"href":"https:\/\/www.ecuadoraldia.com.ec\/index.php?rest_route=%2Fwp%2Fv2%2Ftags&post=7602"}],"curies":[{"name":"wp","href":"https:\/\/api.w.org\/{rel}","templated":true}]}}