{"id":7609,"date":"2015-02-20T00:11:06","date_gmt":"2015-02-20T00:11:06","guid":{"rendered":"http:\/\/www.ecuadoraldia.com.ec\/?p=7609"},"modified":"2015-02-20T00:11:06","modified_gmt":"2015-02-20T00:11:06","slug":"gobierno-repudia-bajeza-perpetrada-contra-mery-zamora","status":"publish","type":"post","link":"https:\/\/www.ecuadoraldia.com.ec\/?p=7609","title":{"rendered":"Gobierno repudia \u00abbajeza\u00bb perpetrada contra Mery Zamora"},"content":{"rendered":"<p style=\"text-align: justify;\"><a href=\"http:\/\/www.ecuadoraldia.com.ec\/wp-content\/uploads\/2015\/02\/IANUZELLI.jpg\"><img loading=\"lazy\" decoding=\"async\" class=\"alignleft size-medium wp-image-7610\" src=\"http:\/\/www.ecuadoraldia.com.ec\/wp-content\/uploads\/2015\/02\/IANUZELLI-300x205.jpg\" alt=\"IANUZELLI\" width=\"300\" height=\"205\" srcset=\"https:\/\/www.ecuadoraldia.com.ec\/wp-content\/uploads\/2015\/02\/IANUZELLI-300x205.jpg 300w, https:\/\/www.ecuadoraldia.com.ec\/wp-content\/uploads\/2015\/02\/IANUZELLI.jpg 450w\" sizes=\"(max-width: 300px) 100vw, 300px\" \/><\/a>El Gobierno rechaz\u00f3 categ\u00f3ricamente la \u201cbajeza\u201d perpetrada en contra de la exdirigente del MPD, Mery Zamora, al difundir im\u00e1genes \u00edntimas aparentemente suyas a trav\u00e9s de las redes sociales.<\/p>\n<p style=\"text-align: justify;\">El vocero de la Secretar\u00eda Nacional de Comunicaci\u00f3n, Stefano Iannuzzelli, expres\u00f3 a nombre del Gobierno el repudio hacia los responsables y la solidaridad con la expresidenta de la UNE. \u201cM\u00e1s all\u00e1 de su posici\u00f3n pol\u00edtica respecto al Gobierno Nacional, la se\u00f1ora Zamora es una ciudadana, mujer, madre y maestra, y como tal es merecedora del respeto que se le debe a todo ser humano\u201d.<\/p>\n<p style=\"text-align: justify;\">En una breve conferencia de prensa, Iannuzzelli se\u00f1al\u00f3 que el Gobierno \u201cinsiste en que el uso de la clandestinidad y el anonimato para desprestigiar la honra de las personas, para atacar sus valores y principios para inmiscuirse en la vida privada de las personas no debe ser tolerado por nadie\u201d.<\/p>\n<p style=\"text-align: justify;\">El Gobierno llam\u00f3 al respeto en las redes sociales porque su uso incorrecto, como ocurri\u00f3 en este caso, tambi\u00e9n afecta la dignidad de cada madre y mujer ecuatoriana, por lo que inst\u00f3 al sistema de justicia, en el marco de sus funciones, a esclarecer este burdo hecho.(El tel\u00e8grafo)<\/p>\n","protected":false},"excerpt":{"rendered":"<p>El Gobierno rechaz\u00f3 categ\u00f3ricamente la \u201cbajeza\u201d perpetrada en contra de la exdirigente del MPD, Mery Zamora, al difundir im\u00e1genes \u00edntimas<\/p>\n","protected":false},"author":1,"featured_media":0,"comment_status":"open","ping_status":"open","sticky":false,"template":"","format":"standard","meta":{"footnotes":""},"categories":[4],"tags":[],"_links":{"self":[{"href":"https:\/\/www.ecuadoraldia.com.ec\/index.php?rest_route=\/wp\/v2\/posts\/7609"}],"collection":[{"href":"https:\/\/www.ecuadoraldia.com.ec\/index.php?rest_route=\/wp\/v2\/posts"}],"about":[{"href":"https:\/\/www.ecuadoraldia.com.ec\/index.php?rest_route=\/wp\/v2\/types\/post"}],"author":[{"embeddable":true,"href":"https:\/\/www.ecuadoraldia.com.ec\/index.php?rest_route=\/wp\/v2\/users\/1"}],"replies":[{"embeddable":true,"href":"https:\/\/www.ecuadoraldia.com.ec\/index.php?rest_route=%2Fwp%2Fv2%2Fcomments&post=7609"}],"version-history":[{"count":1,"href":"https:\/\/www.ecuadoraldia.com.ec\/index.php?rest_route=\/wp\/v2\/posts\/7609\/revisions"}],"predecessor-version":[{"id":7611,"href":"https:\/\/www.ecuadoraldia.com.ec\/index.php?rest_route=\/wp\/v2\/posts\/7609\/revisions\/7611"}],"wp:attachment":[{"href":"https:\/\/www.ecuadoraldia.com.ec\/index.php?rest_route=%2Fwp%2Fv2%2Fmedia&parent=7609"}],"wp:term":[{"taxonomy":"category","embeddable":true,"href":"https:\/\/www.ecuadoraldia.com.ec\/index.php?rest_route=%2Fwp%2Fv2%2Fcategories&post=7609"},{"taxonomy":"post_tag","embeddable":true,"href":"https:\/\/www.ecuadoraldia.com.ec\/index.php?rest_route=%2Fwp%2Fv2%2Ftags&post=7609"}],"curies":[{"name":"wp","href":"https:\/\/api.w.org\/{rel}","templated":true}]}}