{"id":7612,"date":"2015-02-21T02:06:08","date_gmt":"2015-02-21T02:06:08","guid":{"rendered":"http:\/\/www.ecuadoraldia.com.ec\/?p=7612"},"modified":"2015-02-21T02:06:08","modified_gmt":"2015-02-21T02:06:08","slug":"correa-no-descarta-mas-cambios-en-gabinete-ministerial","status":"publish","type":"post","link":"https:\/\/www.ecuadoraldia.com.ec\/?p=7612","title":{"rendered":"Correa no descarta m\u00e1s cambios en gabinete ministerial"},"content":{"rendered":"<p style=\"text-align: justify;\"><a href=\"http:\/\/www.ecuadoraldia.com.ec\/wp-content\/uploads\/2015\/02\/SANTACLARA_CORREA.jpg\"><img loading=\"lazy\" decoding=\"async\" class=\"alignleft size-full wp-image-7613\" src=\"http:\/\/www.ecuadoraldia.com.ec\/wp-content\/uploads\/2015\/02\/SANTACLARA_CORREA.jpg\" alt=\"SANTACLARA_CORREA\" width=\"290\" height=\"175\" \/><\/a>El presidente Rafael Correa se\u00f1al\u00f3 este viernes que eval\u00faa realizar m\u00e1s cambios en el gabinete ministerial, al tiempo que aclar\u00f3 que la salida de secretarios de Estado no responde a un mal desempe\u00f1o de sus funciones.<\/p>\n<p style=\"text-align: justify;\">\u00abS\u00ed, estamos evaluando\u00bb, respondi\u00f3 Correa durante una entrevista con medios de Santa Clara, en la provincia de Pastaza.<\/p>\n<p style=\"text-align: justify;\">El mandatario subray\u00f3 que los ministros salientes \u00abno es que hayan desempe\u00f1ado un mal papel, sino que cada quien responde a cierta etapa\u00bb. Como ejemplo expuso el caso de Ferrocarriles del Ecuador, que entra en una etapa de mercadeo, que no es la especializaci\u00f3n del gerente saliente, Jorge Carrera, quien ser\u00e1 ahora el nuevo titular de Inmobiliar.<\/p>\n<p style=\"text-align: justify;\">En este espacio, Correa tambi\u00e9n se refiri\u00f3 a rumores sobre la salida de Hugo Villacr\u00e9s del Instituto Ecuatoriano de Seguridad Social. Dijo que se trata de \u00abmentiras\u00bb de cierta prensa y anunci\u00f3 que Villacr\u00e9s est\u00e1 ratificado en el cargo como presidente del Consejo Directivo del IESS.<\/p>\n<p style=\"text-align: justify;\">De hecho ayer, a trav\u00e9s de la Secretar\u00eda Nacional de Comunicaci\u00f3n, el Gobierno desminti\u00f3 la informaci\u00f3n difundida por el canal Teleamazonas, que asegur\u00f3 que Villacr\u00e9s iba a ser removido del cargo.<\/p>\n<p style=\"text-align: justify;\">Entre los cambios en el gabinete ministerial anunciados el jueves por Correa constan la designaci\u00f3n de Diego Aulestia como el nuevo ministro de Comercio Exterior y el retorno de Mar\u00eda de los \u00c1ngeles Duarte como ministra de Vivienda.<\/p>\n<p style=\"text-align: justify;\">En Santa Clara se desarrolla el gabinete itinerante presidido por el Primer Mandatario. Los ministros reci\u00e9n designados est\u00e1n presentes.(Fuente el tel\u00e9grafo)<\/p>\n","protected":false},"excerpt":{"rendered":"<p>El presidente Rafael Correa se\u00f1al\u00f3 este viernes que eval\u00faa realizar m\u00e1s cambios en el gabinete ministerial, al tiempo que aclar\u00f3<\/p>\n","protected":false},"author":1,"featured_media":0,"comment_status":"open","ping_status":"open","sticky":false,"template":"","format":"standard","meta":{"footnotes":""},"categories":[3],"tags":[],"_links":{"self":[{"href":"https:\/\/www.ecuadoraldia.com.ec\/index.php?rest_route=\/wp\/v2\/posts\/7612"}],"collection":[{"href":"https:\/\/www.ecuadoraldia.com.ec\/index.php?rest_route=\/wp\/v2\/posts"}],"about":[{"href":"https:\/\/www.ecuadoraldia.com.ec\/index.php?rest_route=\/wp\/v2\/types\/post"}],"author":[{"embeddable":true,"href":"https:\/\/www.ecuadoraldia.com.ec\/index.php?rest_route=\/wp\/v2\/users\/1"}],"replies":[{"embeddable":true,"href":"https:\/\/www.ecuadoraldia.com.ec\/index.php?rest_route=%2Fwp%2Fv2%2Fcomments&post=7612"}],"version-history":[{"count":1,"href":"https:\/\/www.ecuadoraldia.com.ec\/index.php?rest_route=\/wp\/v2\/posts\/7612\/revisions"}],"predecessor-version":[{"id":7614,"href":"https:\/\/www.ecuadoraldia.com.ec\/index.php?rest_route=\/wp\/v2\/posts\/7612\/revisions\/7614"}],"wp:attachment":[{"href":"https:\/\/www.ecuadoraldia.com.ec\/index.php?rest_route=%2Fwp%2Fv2%2Fmedia&parent=7612"}],"wp:term":[{"taxonomy":"category","embeddable":true,"href":"https:\/\/www.ecuadoraldia.com.ec\/index.php?rest_route=%2Fwp%2Fv2%2Fcategories&post=7612"},{"taxonomy":"post_tag","embeddable":true,"href":"https:\/\/www.ecuadoraldia.com.ec\/index.php?rest_route=%2Fwp%2Fv2%2Ftags&post=7612"}],"curies":[{"name":"wp","href":"https:\/\/api.w.org\/{rel}","templated":true}]}}