{"id":7656,"date":"2015-02-23T18:26:44","date_gmt":"2015-02-23T18:26:44","guid":{"rendered":"http:\/\/www.ecuadoraldia.com.ec\/?p=7656"},"modified":"2015-02-23T18:26:44","modified_gmt":"2015-02-23T18:26:44","slug":"fallecen-ocho-personas-tras-hundimiento-de-barco-en-china","status":"publish","type":"post","link":"https:\/\/www.ecuadoraldia.com.ec\/?p=7656","title":{"rendered":"Fallecen ocho personas tras hundimiento de barco en China"},"content":{"rendered":"<p style=\"text-align: justify;\"><a href=\"http:\/\/www.ecuadoraldia.com.ec\/wp-content\/uploads\/2015\/02\/barco_de_china.jpg\"><img loading=\"lazy\" decoding=\"async\" class=\"alignleft size-full wp-image-7657\" src=\"http:\/\/www.ecuadoraldia.com.ec\/wp-content\/uploads\/2015\/02\/barco_de_china.jpg\" alt=\"barco_de_china\" width=\"299\" height=\"211\" \/><\/a>Quito, 23 feb (Andes).- Equipos de rescate chinos contin\u00faan con la b\u00fasqueda de una persona desaparecida tras el hundimiento de un barco en el r\u00edo Zijiang, en el centro de China, que dej\u00f3 como saldo ocho personas muertas, seg\u00fan informaron autoridades locales.<\/p>\n<p style=\"text-align: justify;\">Los estudios preliminares indican que el barco se habr\u00eda hundido por la fuerte corriente. El accidente ocurri\u00f3 alrededor de las 16H00 horas de este domingo (08H00 GMT), luego de que la embarcaci\u00f3n privada con 18 personas a bordo se hundiera en el r\u00edo, a su paso por la provincia central de Hunan.<\/p>\n<p style=\"text-align: justify;\">Seg\u00fan informa la agencia de noticias Telesur, un hombre de nombre Tang Huilong tom\u00f3 prestado el barco de su vecino para llevar a su familia a visitar la isla de Taohua, a 700 metros de distancia. El accidente ocurri\u00f3 al regreso tras realizar la excursi\u00f3n.<\/p>\n<p style=\"text-align: justify;\">Entre los fallecidos se encuentra un beb\u00e9 de un a\u00f1o, mientras siete de los nueve rescatados ya se encuentran con el alta m\u00e9dica.<\/p>\n<p style=\"text-align: justify;\">Las investigaciones, se\u00f1alaron que el barco, tuvo dificultades para maniobrar debido a la fuerte corriente del r\u00edo.<\/p>\n<p style=\"text-align: justify;\">\u00abDebido a los r\u00e1pidos del r\u00edo, el barco comenz\u00f3 a perder equilibrio y empez\u00f3 a hundirse, de forma que todo el mundo se cay\u00f3 al agua\u00bb, declar\u00f3 uno de los sobrevivientes, que logr\u00f3 rescatar a su hija pero no pudo salvar a su hijo.<\/p>\n<p style=\"text-align: justify;\">Un trabajador de asuntos mar\u00edtimos inform\u00f3 que se ha puesto en marcha una investigaci\u00f3n y que el barco s\u00f3lo estaba capacitado para llevar a ocho pasajeros. (Telesur\/la\/ar-Andes)<\/p>\n<p>&nbsp;<\/p>\n<p>&nbsp;<\/p>\n","protected":false},"excerpt":{"rendered":"<p>Quito, 23 feb (Andes).- Equipos de rescate chinos contin\u00faan con la b\u00fasqueda de una persona desaparecida tras el hundimiento de<\/p>\n","protected":false},"author":1,"featured_media":0,"comment_status":"open","ping_status":"open","sticky":false,"template":"","format":"standard","meta":{"footnotes":""},"categories":[7],"tags":[],"_links":{"self":[{"href":"https:\/\/www.ecuadoraldia.com.ec\/index.php?rest_route=\/wp\/v2\/posts\/7656"}],"collection":[{"href":"https:\/\/www.ecuadoraldia.com.ec\/index.php?rest_route=\/wp\/v2\/posts"}],"about":[{"href":"https:\/\/www.ecuadoraldia.com.ec\/index.php?rest_route=\/wp\/v2\/types\/post"}],"author":[{"embeddable":true,"href":"https:\/\/www.ecuadoraldia.com.ec\/index.php?rest_route=\/wp\/v2\/users\/1"}],"replies":[{"embeddable":true,"href":"https:\/\/www.ecuadoraldia.com.ec\/index.php?rest_route=%2Fwp%2Fv2%2Fcomments&post=7656"}],"version-history":[{"count":1,"href":"https:\/\/www.ecuadoraldia.com.ec\/index.php?rest_route=\/wp\/v2\/posts\/7656\/revisions"}],"predecessor-version":[{"id":7658,"href":"https:\/\/www.ecuadoraldia.com.ec\/index.php?rest_route=\/wp\/v2\/posts\/7656\/revisions\/7658"}],"wp:attachment":[{"href":"https:\/\/www.ecuadoraldia.com.ec\/index.php?rest_route=%2Fwp%2Fv2%2Fmedia&parent=7656"}],"wp:term":[{"taxonomy":"category","embeddable":true,"href":"https:\/\/www.ecuadoraldia.com.ec\/index.php?rest_route=%2Fwp%2Fv2%2Fcategories&post=7656"},{"taxonomy":"post_tag","embeddable":true,"href":"https:\/\/www.ecuadoraldia.com.ec\/index.php?rest_route=%2Fwp%2Fv2%2Ftags&post=7656"}],"curies":[{"name":"wp","href":"https:\/\/api.w.org\/{rel}","templated":true}]}}