{"id":7671,"date":"2015-02-24T19:58:52","date_gmt":"2015-02-24T19:58:52","guid":{"rendered":"http:\/\/www.ecuadoraldia.com.ec\/?p=7671"},"modified":"2015-02-24T19:58:52","modified_gmt":"2015-02-24T19:58:52","slug":"mexico-enviara-nota-diplomatica-al-vaticano-por-declaracion-del-papa","status":"publish","type":"post","link":"https:\/\/www.ecuadoraldia.com.ec\/?p=7671","title":{"rendered":"M\u00e9xico enviar\u00e1 nota diplom\u00e1tica al Vaticano por declaraci\u00f3n del Papa"},"content":{"rendered":"<p style=\"text-align: justify;\"><a href=\"http:\/\/www.ecuadoraldia.com.ec\/wp-content\/uploads\/2015\/02\/papamexicanizacin.jpg\"><img loading=\"lazy\" decoding=\"async\" class=\"alignleft size-full wp-image-7672\" src=\"http:\/\/www.ecuadoraldia.com.ec\/wp-content\/uploads\/2015\/02\/papamexicanizacin.jpg\" alt=\"papamexicanizacin\" width=\"264\" height=\"223\" \/><\/a>Agencia AFP. El gobierno de M\u00e9xico anunci\u00f3 que enviar\u00e1 una nota diplom\u00e1tica al Vaticano al manifestar su \u00abpreocupaci\u00f3n\u00bb y \u00abtristeza\u00bb por recientes declaraciones del papa Francisco, en las que asegura que un avance del narcotr\u00e1fico en Argentina equivaldr\u00eda a una \u00abmexicanizaci\u00f3n\u00bb de ese pa\u00eds.<\/p>\n<p style=\"text-align: justify;\">El legislador argentino Gustavo Vera, director de una fundaci\u00f3n que lucha contra el tr\u00e1fico de drogas, difundi\u00f3 una carta en la que el Pont\u00edfice le dice: \u00abOjal\u00e1 estemos a tiempo de evitar la mexicanizaci\u00f3n. Estuve hablando con algunos obispos mexicanos y la cosa es de terror\u00bb.<\/p>\n<p style=\"text-align: justify;\">Por su parte, el canciller mexicano Jos\u00e9 Antonio Meade dijo en conferencia de prensa haberse reunido con Christopher Pierre, nuncio apost\u00f3lico en M\u00e9xico, para manifestarle la \u00abtristeza y preocupaci\u00f3n respecto de los comunicados que se hicieran\u00bb.<\/p>\n<p style=\"text-align: justify;\">Adem\u00e1s, el secretario (ministro) de Relaciones Exteriores dijo que inform\u00f3 a Pierre que su cartera enviar\u00e1 una nota diplom\u00e1tica a la Santa Sede.<\/p>\n<p style=\"text-align: justify;\">M\u00e9xico ha hecho \u00abenormes esfuerzos\u00bb para enfrentar al narcotr\u00e1fico y \u00abnos parece que m\u00e1s que buscar estigmatizar a M\u00e9xico o a cualquier otra regi\u00f3n de los pa\u00edses latinoamericanos\u00bb, se deber\u00edan buscar \u00abmejores enfoques, mejores espacios de dialogo\u00bb para reflexionar sobre este tema.<\/p>\n<p style=\"text-align: justify;\">En diciembre pasado, la Iglesia cat\u00f3lica en M\u00e9xico hizo un llamado a las autoridades para detener la violencia del crimen organizado, que \u00faltimamente ha venido afectando gravemente a sus sacerdotes.<\/p>\n<p style=\"text-align: justify;\">El cad\u00e1ver del padre Gregorio L\u00f3pez Gorostieta fue hallado en la pasada Navidad en un paraje del convulsionado estado de Guerrero (sur), tres d\u00edas despu\u00e9s de haber sido secuestrado.<\/p>\n<p style=\"text-align: justify;\">En ese mismo estado, el sacerdote ugand\u00e9s John Ssenyondo fue secuestrado en abril y sus restos fueron hallados en noviembre en una fosa clandestina junto con otros 12 cad\u00e1veres.<\/p>\n<p style=\"text-align: justify;\">En una charla con integrantes de la prensa en enero pasado, el Papa dijo que este a\u00f1o tiene previsto hacer una visita a Estados Unidos y M\u00e9xico. (Tel\u00e9grafo)<\/p>\n","protected":false},"excerpt":{"rendered":"<p>Agencia AFP. El gobierno de M\u00e9xico anunci\u00f3 que enviar\u00e1 una nota diplom\u00e1tica al Vaticano al manifestar su \u00abpreocupaci\u00f3n\u00bb y \u00abtristeza\u00bb<\/p>\n","protected":false},"author":1,"featured_media":0,"comment_status":"open","ping_status":"open","sticky":false,"template":"","format":"standard","meta":{"footnotes":""},"categories":[7],"tags":[],"_links":{"self":[{"href":"https:\/\/www.ecuadoraldia.com.ec\/index.php?rest_route=\/wp\/v2\/posts\/7671"}],"collection":[{"href":"https:\/\/www.ecuadoraldia.com.ec\/index.php?rest_route=\/wp\/v2\/posts"}],"about":[{"href":"https:\/\/www.ecuadoraldia.com.ec\/index.php?rest_route=\/wp\/v2\/types\/post"}],"author":[{"embeddable":true,"href":"https:\/\/www.ecuadoraldia.com.ec\/index.php?rest_route=\/wp\/v2\/users\/1"}],"replies":[{"embeddable":true,"href":"https:\/\/www.ecuadoraldia.com.ec\/index.php?rest_route=%2Fwp%2Fv2%2Fcomments&post=7671"}],"version-history":[{"count":1,"href":"https:\/\/www.ecuadoraldia.com.ec\/index.php?rest_route=\/wp\/v2\/posts\/7671\/revisions"}],"predecessor-version":[{"id":7673,"href":"https:\/\/www.ecuadoraldia.com.ec\/index.php?rest_route=\/wp\/v2\/posts\/7671\/revisions\/7673"}],"wp:attachment":[{"href":"https:\/\/www.ecuadoraldia.com.ec\/index.php?rest_route=%2Fwp%2Fv2%2Fmedia&parent=7671"}],"wp:term":[{"taxonomy":"category","embeddable":true,"href":"https:\/\/www.ecuadoraldia.com.ec\/index.php?rest_route=%2Fwp%2Fv2%2Fcategories&post=7671"},{"taxonomy":"post_tag","embeddable":true,"href":"https:\/\/www.ecuadoraldia.com.ec\/index.php?rest_route=%2Fwp%2Fv2%2Ftags&post=7671"}],"curies":[{"name":"wp","href":"https:\/\/api.w.org\/{rel}","templated":true}]}}