{"id":7688,"date":"2015-03-02T23:29:21","date_gmt":"2015-03-02T23:29:21","guid":{"rendered":"http:\/\/www.ecuadoraldia.com.ec\/?p=7688"},"modified":"2015-03-02T23:29:21","modified_gmt":"2015-03-02T23:29:21","slug":"presidente-correa-y-empresarios-revisan-temas-de-fomento-productivo","status":"publish","type":"post","link":"https:\/\/www.ecuadoraldia.com.ec\/?p=7688","title":{"rendered":"Presidente Correa y empresarios revisan temas de fomento productivo"},"content":{"rendered":"<p style=\"text-align: justify;\"><a href=\"http:\/\/www.ecuadoraldia.com.ec\/wp-content\/uploads\/2015\/03\/reu-empre.jpg\"><img loading=\"lazy\" decoding=\"async\" class=\"alignleft size-medium wp-image-7689\" src=\"http:\/\/www.ecuadoraldia.com.ec\/wp-content\/uploads\/2015\/03\/reu-empre-300x200.jpg\" alt=\"reu empre\" width=\"300\" height=\"200\" srcset=\"https:\/\/www.ecuadoraldia.com.ec\/wp-content\/uploads\/2015\/03\/reu-empre-300x200.jpg 300w, https:\/\/www.ecuadoraldia.com.ec\/wp-content\/uploads\/2015\/03\/reu-empre.jpg 450w\" sizes=\"(max-width: 300px) 100vw, 300px\" \/><\/a>El presidente de la Rep\u00fablica, Rafael Correa, mantiene una reuni\u00f3n de trabajo con un grupo de empresarios ecuatorianos con quienes revisa aspectos vinculados al comercio exterior y la productividad nacional.<\/p>\n<p style=\"text-align: justify;\">La cita inici\u00f3 pasado el medio d\u00eda, de hoy lunes, y cont\u00f3 con la participaci\u00f3n de los ministros de los sectores productivo y econ\u00f3mico.<\/p>\n<p style=\"text-align: justify;\">Previo a la reuni\u00f3n -que se cumpli\u00f3 a puerta cerrada en el sal\u00f3n de banquetes- el Jefe de Estado resalt\u00f3 que el Gobierno siempre ha dado el apoyo necesario al sector privado.<\/p>\n<p style=\"text-align: justify;\">Una muestra de ello es el \u00faltimo Decreto Ejecutivo N\u00ba 582, por el cual se creo un nuevo mecanismo para exista \u201cmucha m\u00e1s participaci\u00f3n privada\u201d en iniciativas que interesen a lo p\u00fablico.<\/p>\n<p style=\"text-align: justify;\">\u201cEn el inicio del Gobierno, reconocemos, que hubo incertidumbre, cambios de institucionalidad, una nueva Constituci\u00f3n porque todo estaba hecho para beneficiar a ciertos grupos porque un descontrol total, una desregulaci\u00f3n total, y ah\u00ed muchas veces cierta intervenci\u00f3n privada quer\u00eda quitar m\u00e1s de lo que daba\u201d, asever\u00e1 el presidente Correa.<\/p>\n<p style=\"text-align: justify;\">El Jefe de la Naci\u00f3n manifest\u00f3 que todo esto ha cambiado desde hace algunos a\u00f1os con la puesta en vigencia del C\u00f3digo de la Producci\u00f3n, donde est\u00e1n las reglas muy claras con lo que se ha logrado tener inversi\u00f3n.<\/p>\n<p style=\"text-align: justify;\">Sin embargo, dijo que lo que se quiere es que haya mayor inversi\u00f3n privada, dentro de la cual tambi\u00e9n se espera inversi\u00f3n extranjera, \u201cque es altamente deseable, no es que innecesaria para salir del subdesarrollo\u201d, expres\u00f3.<\/p>\n<p style=\"text-align: justify;\">Correa se\u00f1al\u00f3 que lo que m\u00e1s le interesa de la inversi\u00f3n privada, no es la inversi\u00f3n per s\u00e9, sino m\u00e1s bien la transferencia de tecnolog\u00eda, conocimientos, modelos de gesti\u00f3n, entre otros aspectos.<\/p>\n<p style=\"text-align: justify;\">En tanto, Richard Espinosa, ministro Coordinador de la Producci\u00f3n, asegur\u00f3 que el trabajo con el sector privado se ha realizado de manera continua durante el \u00faltimo a\u00f1o, tiempo en el que se ha logrado tener di\u00e1logos fluidos en distintas actividades. Ah\u00ed se ha conocido directamente experiencias de todas las l\u00edneas de producci\u00f3n.<\/p>\n<p style=\"text-align: justify;\">\u201cHemos impulsado todo lo referente a las exportaciones con los certificados de abono tributario que sustituyeron a la Ley de Preferencias Arancelarias Andinas (Atpdea) e incluso al Sistema General de Preferencias (SGP) y est\u00e1 en camino todo sobre el drawback (restituci\u00f3n de los derechos arancelarios).<\/p>\n<p style=\"text-align: justify;\">Adem\u00e1s, dijo, ha habido temas de coyuntura por lo cual se han mantenido reuniones de manera permanente en el Comit\u00e9 de Comercio Exterior (Comex), en la Junta de Regulaci\u00f3n y Control de Poder de Mercado, para definir la agenda regulatoria y el cambio de la matriz productiva, \u00ablo cual se ha ido de la mano de las exigencias de los requisitos que se requiere para llegar a tener un mayor valor agregado a la producci\u00f3n nacional, obteniendo una respuesta favorable del sector privado\u201d, asever\u00f3 el funcionario.<\/p>\n<p style=\"text-align: justify;\">De su parte, el representante del Comit\u00e9 Empresarial Ecuatoriano, Henry Kronfle, agradeci\u00f3 la apertura del Gobierno para discutir los temas que son de importancia para las partes, en los cuales considera que hay m\u00e1s coincidencias que discrepancias por lo que estima que se podr\u00e1 ajustar criterios y homologarlos a favor del pa\u00eds y del sector productivo.(Fuente el tel\u00e9grafo)<\/p>\n","protected":false},"excerpt":{"rendered":"<p>El presidente de la Rep\u00fablica, Rafael Correa, mantiene una reuni\u00f3n de trabajo con un grupo de empresarios ecuatorianos con quienes<\/p>\n","protected":false},"author":1,"featured_media":0,"comment_status":"open","ping_status":"open","sticky":false,"template":"","format":"standard","meta":{"footnotes":""},"categories":[1],"tags":[],"_links":{"self":[{"href":"https:\/\/www.ecuadoraldia.com.ec\/index.php?rest_route=\/wp\/v2\/posts\/7688"}],"collection":[{"href":"https:\/\/www.ecuadoraldia.com.ec\/index.php?rest_route=\/wp\/v2\/posts"}],"about":[{"href":"https:\/\/www.ecuadoraldia.com.ec\/index.php?rest_route=\/wp\/v2\/types\/post"}],"author":[{"embeddable":true,"href":"https:\/\/www.ecuadoraldia.com.ec\/index.php?rest_route=\/wp\/v2\/users\/1"}],"replies":[{"embeddable":true,"href":"https:\/\/www.ecuadoraldia.com.ec\/index.php?rest_route=%2Fwp%2Fv2%2Fcomments&post=7688"}],"version-history":[{"count":1,"href":"https:\/\/www.ecuadoraldia.com.ec\/index.php?rest_route=\/wp\/v2\/posts\/7688\/revisions"}],"predecessor-version":[{"id":7690,"href":"https:\/\/www.ecuadoraldia.com.ec\/index.php?rest_route=\/wp\/v2\/posts\/7688\/revisions\/7690"}],"wp:attachment":[{"href":"https:\/\/www.ecuadoraldia.com.ec\/index.php?rest_route=%2Fwp%2Fv2%2Fmedia&parent=7688"}],"wp:term":[{"taxonomy":"category","embeddable":true,"href":"https:\/\/www.ecuadoraldia.com.ec\/index.php?rest_route=%2Fwp%2Fv2%2Fcategories&post=7688"},{"taxonomy":"post_tag","embeddable":true,"href":"https:\/\/www.ecuadoraldia.com.ec\/index.php?rest_route=%2Fwp%2Fv2%2Ftags&post=7688"}],"curies":[{"name":"wp","href":"https:\/\/api.w.org\/{rel}","templated":true}]}}