{"id":7694,"date":"2015-03-02T23:33:47","date_gmt":"2015-03-02T23:33:47","guid":{"rendered":"http:\/\/www.ecuadoraldia.com.ec\/?p=7694"},"modified":"2015-03-02T23:33:47","modified_gmt":"2015-03-02T23:33:47","slug":"gobernador-llega-a-acuerdo-con-pescadores-para-mejorar-la-seguridad","status":"publish","type":"post","link":"https:\/\/www.ecuadoraldia.com.ec\/?p=7694","title":{"rendered":"Gobernador llega a acuerdo con pescadores para mejorar la seguridad"},"content":{"rendered":"<p style=\"text-align: justify;\"><a href=\"http:\/\/www.ecuadoraldia.com.ec\/wp-content\/uploads\/2015\/03\/panchana.jpg\"><img loading=\"lazy\" decoding=\"async\" class=\"alignleft size-medium wp-image-7695\" src=\"http:\/\/www.ecuadoraldia.com.ec\/wp-content\/uploads\/2015\/03\/panchana-300x182.jpg\" alt=\"panchana\" width=\"300\" height=\"182\" srcset=\"https:\/\/www.ecuadoraldia.com.ec\/wp-content\/uploads\/2015\/03\/panchana-300x182.jpg 300w, https:\/\/www.ecuadoraldia.com.ec\/wp-content\/uploads\/2015\/03\/panchana.jpg 371w\" sizes=\"(max-width: 300px) 100vw, 300px\" \/><\/a>Las autoridades de la Gobernaci\u00f3n del Guayas y representantes de pescadores artesanales acordaron hoy reforzar las seguridades en el mar para evitar m\u00e1s casos de pirater\u00eda.<\/p>\n<p style=\"text-align: justify;\">El gobernador del Guayas, Rolando Panchana, recibi\u00f3 a los dirigentes artesanales luego de que realizaran una marcha a lo largo de la avenida 9 de Octubre.<\/p>\n<p style=\"text-align: justify;\">Tras expresar su malestar por los robos y la falta de controles, Panchana asegur\u00f3 que \u201cen 45 d\u00edas reformaremos el reglamento de pesca para endurecer controles y sanciones contra los piratas. La reforma implica mejorar estrategias de control en el mar para respetar las 8 millas, piratas, etc\u201d.<\/p>\n<p style=\"text-align: justify;\">Adem\u00e1s, sobre el abastecimiento de combustible para los botes, el Gobernador coment\u00f3 que \u201cPetroecuador se compromete a ampliar el abastecimiento de combustible en lugares espec\u00edficos, despu\u00e9s de que ustedes creen una comisi\u00f3n para esto y se pongan de acuerdo cuales ser\u00e1n estos lugares\u00bb.<\/p>\n<p style=\"text-align: justify;\">Para capturar a los ladrones de motores, el representante del Ejecutivo en Guayas aclar\u00f3 que solicit\u00f3 al Ministerio del Interior que se ingrese a 1800-delito recompensa por quien de informaci\u00f3n de quienes sean los culpables de estos hechos. Tambi\u00e9n se continuar\u00e1 con la instalaci\u00f3n de DMS y se tomar\u00e1n las medidas para su correcto funcionamiento.<\/p>\n<p style=\"text-align: justify;\">Panchana asever\u00f3 que \u201cse aumentar\u00e1 control de helic\u00f3pteros y lanchas r\u00e1pidas, as\u00ed como una capacitaci\u00f3n hoy, ma\u00f1ana y el mi\u00e9rcoles a todos los capitanes de puerto para seguridad de los pescadores. El Viceministerio de Pesca inici\u00f3 la chatarrizaci\u00f3n de motores para entregar nuevos de 75 caballos de fuerza Yamaha, estos ser\u00e1n entregados en Jaramij\u00f3, Esmeraldas y Anconcito\u201d.<\/p>\n<p style=\"text-align: justify;\">Gabriela Cruz, presidenta de la Federaci\u00f3n Nacional de Cooperativas Pesqueras del Ecuador (Fenacopec), asegur\u00f3 que \u201ccuando agarran a los delincuentes, los jueces y fiscales de la provincia de El Oro los liberan despu\u00e9s de 15 a 20 d\u00edas y vuelven a robar con m\u00e1s fuerza\u201d.<\/p>\n<p style=\"text-align: justify;\">En el lugar se encontraba V\u00edctor Asencio, oriundo de Anconcito (Santa Elena), quien tiene a su sobrino Galo Catagua -de 29 a\u00f1os- perdido desde el mi\u00e9rcoles 17 de diciembre de 2014.<\/p>\n<p style=\"text-align: justify;\">\u201cEl barco en el que sali\u00f3 a trabajar estaba a 160 millas entre Ecuador y Per\u00fa. \u00c9l se dedicaba a pescar dorado, hemos hecho gestiones y fuimos a Per\u00fa y Colombia para buscarlo pero no tenemos la log\u00edstica. S\u00f3lo queremos que se lo encuentre y se haga justicia\u201d, declar\u00f3 el ciudadano de 56 a\u00f1os. (Fuente el tel\u00e9grafo)<\/p>\n","protected":false},"excerpt":{"rendered":"<p>Las autoridades de la Gobernaci\u00f3n del Guayas y representantes de pescadores artesanales acordaron hoy reforzar las seguridades en el mar<\/p>\n","protected":false},"author":1,"featured_media":0,"comment_status":"open","ping_status":"open","sticky":false,"template":"","format":"standard","meta":{"footnotes":""},"categories":[1],"tags":[],"_links":{"self":[{"href":"https:\/\/www.ecuadoraldia.com.ec\/index.php?rest_route=\/wp\/v2\/posts\/7694"}],"collection":[{"href":"https:\/\/www.ecuadoraldia.com.ec\/index.php?rest_route=\/wp\/v2\/posts"}],"about":[{"href":"https:\/\/www.ecuadoraldia.com.ec\/index.php?rest_route=\/wp\/v2\/types\/post"}],"author":[{"embeddable":true,"href":"https:\/\/www.ecuadoraldia.com.ec\/index.php?rest_route=\/wp\/v2\/users\/1"}],"replies":[{"embeddable":true,"href":"https:\/\/www.ecuadoraldia.com.ec\/index.php?rest_route=%2Fwp%2Fv2%2Fcomments&post=7694"}],"version-history":[{"count":1,"href":"https:\/\/www.ecuadoraldia.com.ec\/index.php?rest_route=\/wp\/v2\/posts\/7694\/revisions"}],"predecessor-version":[{"id":7696,"href":"https:\/\/www.ecuadoraldia.com.ec\/index.php?rest_route=\/wp\/v2\/posts\/7694\/revisions\/7696"}],"wp:attachment":[{"href":"https:\/\/www.ecuadoraldia.com.ec\/index.php?rest_route=%2Fwp%2Fv2%2Fmedia&parent=7694"}],"wp:term":[{"taxonomy":"category","embeddable":true,"href":"https:\/\/www.ecuadoraldia.com.ec\/index.php?rest_route=%2Fwp%2Fv2%2Fcategories&post=7694"},{"taxonomy":"post_tag","embeddable":true,"href":"https:\/\/www.ecuadoraldia.com.ec\/index.php?rest_route=%2Fwp%2Fv2%2Ftags&post=7694"}],"curies":[{"name":"wp","href":"https:\/\/api.w.org\/{rel}","templated":true}]}}