{"id":7697,"date":"2015-03-02T23:36:04","date_gmt":"2015-03-02T23:36:04","guid":{"rendered":"http:\/\/www.ecuadoraldia.com.ec\/?p=7697"},"modified":"2015-03-02T23:36:04","modified_gmt":"2015-03-02T23:36:04","slug":"tame-inauguro-vuelo-matutino-latacunga-guayaquil","status":"publish","type":"post","link":"https:\/\/www.ecuadoraldia.com.ec\/?p=7697","title":{"rendered":"Tame inaugur\u00f3 vuelo matutino Latacunga-Guayaquil"},"content":{"rendered":"<p><a href=\"http:\/\/www.ecuadoraldia.com.ec\/wp-content\/uploads\/2015\/03\/tame.jpg\"><img loading=\"lazy\" decoding=\"async\" class=\"alignleft size-medium wp-image-7698\" src=\"http:\/\/www.ecuadoraldia.com.ec\/wp-content\/uploads\/2015\/03\/tame-300x201.jpg\" alt=\"tame\" width=\"300\" height=\"201\" srcset=\"https:\/\/www.ecuadoraldia.com.ec\/wp-content\/uploads\/2015\/03\/tame-300x201.jpg 300w, https:\/\/www.ecuadoraldia.com.ec\/wp-content\/uploads\/2015\/03\/tame.jpg 450w\" sizes=\"(max-width: 300px) 100vw, 300px\" \/><\/a>Este lunes Tame realiz\u00f3 la inauguraci\u00f3n de su vuelo Latacunga \u2013 Guayaquil, que despeg\u00f3 a las 09:30 desde el Aeropuerto Internacional Alternativo Cotopaxi, con 48 pasajeros, entre autoridades y pasajeros.<\/p>\n<p>La comitiva de autoridades estuvo encabezada por el prefecto Jorge Guam\u00e1n, quien inform\u00f3 que ten\u00eda prevista una reuni\u00f3n con el prefecto del Guayas. Jimmy Jairala, para tratar temas afines a la promoci\u00f3n de la terminal a\u00e9rea de Latacunga.<\/p>\n<p>El prefecto estuvo acompa\u00f1ado de los alcaldes de Sigchos y Saquisil\u00ed, Mario Andino y Juan Alomoto, respectivamente, adem\u00e1s de los representantes de las c\u00e1maras de Comercio y Turismo.<\/p>\n<p>La novedad entre los usuarios fue la reducci\u00f3n del precio del pasaje ida y vuelta, antes costaba $85 y hoy cuesta $59. La mayor\u00eda de pasajeros eran empresarios que vieron con buenos ojos el incremento de frecuencias y los horarios que les permiten volver el mismo d\u00eda. (Fuente el tel\u00e9grafo)<\/p>\n","protected":false},"excerpt":{"rendered":"<p>Este lunes Tame realiz\u00f3 la inauguraci\u00f3n de su vuelo Latacunga \u2013 Guayaquil, que despeg\u00f3 a las 09:30 desde el Aeropuerto<\/p>\n","protected":false},"author":1,"featured_media":0,"comment_status":"open","ping_status":"open","sticky":false,"template":"","format":"standard","meta":{"footnotes":""},"categories":[3],"tags":[],"_links":{"self":[{"href":"https:\/\/www.ecuadoraldia.com.ec\/index.php?rest_route=\/wp\/v2\/posts\/7697"}],"collection":[{"href":"https:\/\/www.ecuadoraldia.com.ec\/index.php?rest_route=\/wp\/v2\/posts"}],"about":[{"href":"https:\/\/www.ecuadoraldia.com.ec\/index.php?rest_route=\/wp\/v2\/types\/post"}],"author":[{"embeddable":true,"href":"https:\/\/www.ecuadoraldia.com.ec\/index.php?rest_route=\/wp\/v2\/users\/1"}],"replies":[{"embeddable":true,"href":"https:\/\/www.ecuadoraldia.com.ec\/index.php?rest_route=%2Fwp%2Fv2%2Fcomments&post=7697"}],"version-history":[{"count":1,"href":"https:\/\/www.ecuadoraldia.com.ec\/index.php?rest_route=\/wp\/v2\/posts\/7697\/revisions"}],"predecessor-version":[{"id":7699,"href":"https:\/\/www.ecuadoraldia.com.ec\/index.php?rest_route=\/wp\/v2\/posts\/7697\/revisions\/7699"}],"wp:attachment":[{"href":"https:\/\/www.ecuadoraldia.com.ec\/index.php?rest_route=%2Fwp%2Fv2%2Fmedia&parent=7697"}],"wp:term":[{"taxonomy":"category","embeddable":true,"href":"https:\/\/www.ecuadoraldia.com.ec\/index.php?rest_route=%2Fwp%2Fv2%2Fcategories&post=7697"},{"taxonomy":"post_tag","embeddable":true,"href":"https:\/\/www.ecuadoraldia.com.ec\/index.php?rest_route=%2Fwp%2Fv2%2Ftags&post=7697"}],"curies":[{"name":"wp","href":"https:\/\/api.w.org\/{rel}","templated":true}]}}