{"id":7709,"date":"2015-03-03T00:00:51","date_gmt":"2015-03-03T00:00:51","guid":{"rendered":"http:\/\/www.ecuadoraldia.com.ec\/?p=7709"},"modified":"2015-03-03T00:00:51","modified_gmt":"2015-03-03T00:00:51","slug":"los-principales-objetivos-de-tabare-vazquez-bajar-la-inflacion-y-el-deficit","status":"publish","type":"post","link":"https:\/\/www.ecuadoraldia.com.ec\/?p=7709","title":{"rendered":"Los principales objetivos de Tabar\u00e9 V\u00e1zquez: bajar la inflaci\u00f3n y el d\u00e9ficit"},"content":{"rendered":"<p style=\"text-align: justify;\"><a href=\"http:\/\/www.ecuadoraldia.com.ec\/wp-content\/uploads\/2015\/03\/tabare.jpg\"><img loading=\"lazy\" decoding=\"async\" class=\"alignleft size-medium wp-image-7710\" src=\"http:\/\/www.ecuadoraldia.com.ec\/wp-content\/uploads\/2015\/03\/tabare-300x168.jpg\" alt=\"tabare\" width=\"300\" height=\"168\" srcset=\"https:\/\/www.ecuadoraldia.com.ec\/wp-content\/uploads\/2015\/03\/tabare-300x168.jpg 300w, https:\/\/www.ecuadoraldia.com.ec\/wp-content\/uploads\/2015\/03\/tabare.jpg 770w\" sizes=\"(max-width: 300px) 100vw, 300px\" \/><\/a>Cr\u00e9dito: AP1. En su primer mensaje a la naci\u00f3n sudamericana en cadena de radio y televisi\u00f3n tras asumir por segunda vez la jefatura de Estado, el mandatario calificado como \u00abmet\u00f3dico y ordenado\u00bb enfatiz\u00f3 que el norte ser\u00e1 el equilibrio fiscal.<\/p>\n<p style=\"text-align: justify;\">\u00abContinuaremos la l\u00ednea trazada hasta el momento, a trav\u00e9s del control del equilibrio fiscal y tomando las medidas pertinentes para llevar la inflaci\u00f3n en un rango meta entre un 3 y un 7% y ubic\u00e1ndose en el eje del mismo en un plazo aproximado de 18 meses\u00bb, dijo Tabar\u00e9 V\u00e1zquez.<\/p>\n<p style=\"text-align: justify;\">Uruguay registr\u00f3 en los \u00faltimos 12 meses a enero un resultado fiscal negativo equivalente a un 3,3% de su Producto Interior Bruto (PIB) y una inflaci\u00f3n de un 8,02%, superior al techo del rango oficial.<\/p>\n<p style=\"text-align: justify;\">El pa\u00eds aplica desde julio de 2013 una pol\u00edtica monetaria contractiva que procura enfriar el ritmo de crecimiento del dinero disponible en el mercado, de modo de contrarrestar las presiones inflacionarias en una econom\u00eda para la que se ha estimado una expansi\u00f3n promedio anual del 3% en los pr\u00f3ximos dos a\u00f1os.<\/p>\n<p style=\"text-align: justify;\">V\u00e1zquez viene trabajando desde que fue electo en noviembre para reducir las inversiones de las empresas p\u00fablicas -abultadas durante el per\u00edodo de su antecesor Jos\u00e9 Mujica-, aunque sin bajar las erogaciones para los planes sociales que permitieron reducir la indigencia y la pobreza a m\u00ednimos hist\u00f3ricos.<\/p>\n<p style=\"text-align: justify;\">Cambios fiscales<\/p>\n<p style=\"text-align: justify;\">En materia fiscal, dijo que ser\u00e1 modificado el mecanismo de aplicaci\u00f3n del impuesto a la renta personal que representar\u00eda una mejora salarial indirecta, adem\u00e1s de quitar la exenci\u00f3n a los propietarios de extensiones de tierra de m\u00e1s de 300 hect\u00e1reas de un tributo que contribuye con la educaci\u00f3n.<\/p>\n<p style=\"text-align: justify;\">V\u00e1zquez, que llev\u00f3 a la izquierda por primera vez al poder en 2005, se comprometi\u00f3 a mejorar una decadente educaci\u00f3n con el objetivo que \u00abpara el 2020 el 100% de los j\u00f3venes de hasta 17 a\u00f1os est\u00e9 en el sistema educativo y el 75% termine el ciclo de ense\u00f1anza media\u00bb.<\/p>\n<p style=\"text-align: justify;\">Durante su campa\u00f1a hab\u00eda dicho que aumentar\u00eda a un 6% del PIB el presupuesto educativo, desde el actual 4,5 por ciento.<\/p>\n<p style=\"text-align: justify;\">La deteriorada infraestructura de carreteras, puertos y aeropuertos ser\u00e1 otra de las prioridades, para lo que aplicar\u00e1 un plan nacional para recuperarla mediante la utilizaci\u00f3n de recursos p\u00fablicos y privados.(Infobae)<\/p>\n","protected":false},"excerpt":{"rendered":"<p>Cr\u00e9dito: AP1. En su primer mensaje a la naci\u00f3n sudamericana en cadena de radio y televisi\u00f3n tras asumir por segunda<\/p>\n","protected":false},"author":1,"featured_media":0,"comment_status":"open","ping_status":"open","sticky":false,"template":"","format":"standard","meta":{"footnotes":""},"categories":[7],"tags":[],"_links":{"self":[{"href":"https:\/\/www.ecuadoraldia.com.ec\/index.php?rest_route=\/wp\/v2\/posts\/7709"}],"collection":[{"href":"https:\/\/www.ecuadoraldia.com.ec\/index.php?rest_route=\/wp\/v2\/posts"}],"about":[{"href":"https:\/\/www.ecuadoraldia.com.ec\/index.php?rest_route=\/wp\/v2\/types\/post"}],"author":[{"embeddable":true,"href":"https:\/\/www.ecuadoraldia.com.ec\/index.php?rest_route=\/wp\/v2\/users\/1"}],"replies":[{"embeddable":true,"href":"https:\/\/www.ecuadoraldia.com.ec\/index.php?rest_route=%2Fwp%2Fv2%2Fcomments&post=7709"}],"version-history":[{"count":1,"href":"https:\/\/www.ecuadoraldia.com.ec\/index.php?rest_route=\/wp\/v2\/posts\/7709\/revisions"}],"predecessor-version":[{"id":7711,"href":"https:\/\/www.ecuadoraldia.com.ec\/index.php?rest_route=\/wp\/v2\/posts\/7709\/revisions\/7711"}],"wp:attachment":[{"href":"https:\/\/www.ecuadoraldia.com.ec\/index.php?rest_route=%2Fwp%2Fv2%2Fmedia&parent=7709"}],"wp:term":[{"taxonomy":"category","embeddable":true,"href":"https:\/\/www.ecuadoraldia.com.ec\/index.php?rest_route=%2Fwp%2Fv2%2Fcategories&post=7709"},{"taxonomy":"post_tag","embeddable":true,"href":"https:\/\/www.ecuadoraldia.com.ec\/index.php?rest_route=%2Fwp%2Fv2%2Ftags&post=7709"}],"curies":[{"name":"wp","href":"https:\/\/api.w.org\/{rel}","templated":true}]}}