{"id":7712,"date":"2015-03-03T12:01:09","date_gmt":"2015-03-03T12:01:09","guid":{"rendered":"http:\/\/www.ecuadoraldia.com.ec\/?p=7712"},"modified":"2015-03-03T12:01:09","modified_gmt":"2015-03-03T12:01:09","slug":"siguen-negociaciones-entre-los-taxistas-y-el-municipio","status":"publish","type":"post","link":"https:\/\/www.ecuadoraldia.com.ec\/?p=7712","title":{"rendered":"Siguen negociaciones entre los taxistas y el Municipio"},"content":{"rendered":"<p style=\"text-align: justify;\"><a href=\"http:\/\/www.ecuadoraldia.com.ec\/wp-content\/uploads\/2015\/03\/siguen-negociaciones-entre-los-taxistas-.jpg\"><img loading=\"lazy\" decoding=\"async\" class=\"alignleft size-medium wp-image-7713\" src=\"http:\/\/www.ecuadoraldia.com.ec\/wp-content\/uploads\/2015\/03\/siguen-negociaciones-entre-los-taxistas--300x198.jpg\" alt=\"taxistas-\" width=\"300\" height=\"198\" srcset=\"https:\/\/www.ecuadoraldia.com.ec\/wp-content\/uploads\/2015\/03\/siguen-negociaciones-entre-los-taxistas--300x198.jpg 300w, https:\/\/www.ecuadoraldia.com.ec\/wp-content\/uploads\/2015\/03\/siguen-negociaciones-entre-los-taxistas-.jpg 360w\" sizes=\"(max-width: 300px) 100vw, 300px\" \/><\/a>Las negociaciones entre los dirigentes de las cooperativas de taxis y el Municipio continuaron ayer, sin que a\u00fan existan definiciones sobre un incremento en el valor de las carreras planteada por el gremio.<\/p>\n<p style=\"text-align: justify;\">\nEl debate se centra en un estudio elaborado por la Pontificia Universidad Cat\u00f3lica del Ecuador (PUCE), que ser\u00e1 utilizado como un insumo por parte del Cabildo para determinar el nuevo costo de este servicio.<\/p>\n<p style=\"text-align: justify;\">Los dirigentes y el equipo de negociaci\u00f3n del Municipio mantuvieron ayer por la tarde una extensa reuni\u00f3n de trabajo, que se prolong\u00f3 hasta la noche. Hasta el cierre de esta edici\u00f3n no se conocieron las conclusiones.<\/p>\n<p style=\"text-align: justify;\">Discrepancias<\/p>\n<p style=\"text-align: justify;\">En declaraciones previas a la cita, Carlos Brunis, presidente de la Uni\u00f3n de Taxis en Pichincha, cuestion\u00f3 que la PUCE haya fijado en 29 centavos el valor de la arrancada, cuando desde hace 12 a\u00f1os cobran 35 centavos.<\/p>\n<p style=\"text-align: justify;\">Tambi\u00e9n mencion\u00f3 que un taxista utiliza al d\u00eda 12 d\u00f3lares de gasolina, pero que en el informe dicho valor no llega a los 7 d\u00f3lares. Brunis argument\u00f3 que los taxis no utilizan gasolina Extra, sino S\u00faper.<\/p>\n<p style=\"text-align: justify;\">Aspiraciones<\/p>\n<p style=\"text-align: justify;\">Antonio Calder\u00f3n, dirigente de los taxiustas ejecutivos, sostuvo que su aspiraci\u00f3n era que el valor de la arrancada sea de entre 45 y 47 centavos, y la carrera m\u00ednima de 1.50 a 1.75 por tratarse de un servicio de puerta a puerta, pero terminaron aceptando cobrar los mismos valores que los amarillos. (la hora)<\/p>\n","protected":false},"excerpt":{"rendered":"<p>Las negociaciones entre los dirigentes de las cooperativas de taxis y el Municipio continuaron ayer, sin que a\u00fan existan definiciones<\/p>\n","protected":false},"author":1,"featured_media":0,"comment_status":"open","ping_status":"open","sticky":false,"template":"","format":"standard","meta":{"footnotes":""},"categories":[14],"tags":[],"_links":{"self":[{"href":"https:\/\/www.ecuadoraldia.com.ec\/index.php?rest_route=\/wp\/v2\/posts\/7712"}],"collection":[{"href":"https:\/\/www.ecuadoraldia.com.ec\/index.php?rest_route=\/wp\/v2\/posts"}],"about":[{"href":"https:\/\/www.ecuadoraldia.com.ec\/index.php?rest_route=\/wp\/v2\/types\/post"}],"author":[{"embeddable":true,"href":"https:\/\/www.ecuadoraldia.com.ec\/index.php?rest_route=\/wp\/v2\/users\/1"}],"replies":[{"embeddable":true,"href":"https:\/\/www.ecuadoraldia.com.ec\/index.php?rest_route=%2Fwp%2Fv2%2Fcomments&post=7712"}],"version-history":[{"count":1,"href":"https:\/\/www.ecuadoraldia.com.ec\/index.php?rest_route=\/wp\/v2\/posts\/7712\/revisions"}],"predecessor-version":[{"id":7714,"href":"https:\/\/www.ecuadoraldia.com.ec\/index.php?rest_route=\/wp\/v2\/posts\/7712\/revisions\/7714"}],"wp:attachment":[{"href":"https:\/\/www.ecuadoraldia.com.ec\/index.php?rest_route=%2Fwp%2Fv2%2Fmedia&parent=7712"}],"wp:term":[{"taxonomy":"category","embeddable":true,"href":"https:\/\/www.ecuadoraldia.com.ec\/index.php?rest_route=%2Fwp%2Fv2%2Fcategories&post=7712"},{"taxonomy":"post_tag","embeddable":true,"href":"https:\/\/www.ecuadoraldia.com.ec\/index.php?rest_route=%2Fwp%2Fv2%2Ftags&post=7712"}],"curies":[{"name":"wp","href":"https:\/\/api.w.org\/{rel}","templated":true}]}}