{"id":7715,"date":"2015-03-03T12:03:33","date_gmt":"2015-03-03T12:03:33","guid":{"rendered":"http:\/\/www.ecuadoraldia.com.ec\/?p=7715"},"modified":"2015-03-03T12:03:33","modified_gmt":"2015-03-03T12:03:33","slug":"el-nuevo-plan-de-prevencion-sexual-arranca-en-mayo","status":"publish","type":"post","link":"https:\/\/www.ecuadoraldia.com.ec\/?p=7715","title":{"rendered":"El nuevo plan de prevenci\u00f3n sexual arranca en mayo"},"content":{"rendered":"<p style=\"text-align: justify;\"><a href=\"http:\/\/www.ecuadoraldia.com.ec\/wp-content\/uploads\/2015\/03\/ESTUDIANTES.jpg\"><img loading=\"lazy\" decoding=\"async\" class=\"alignleft size-medium wp-image-7716\" src=\"http:\/\/www.ecuadoraldia.com.ec\/wp-content\/uploads\/2015\/03\/ESTUDIANTES-300x220.jpg\" alt=\"ESTUDIANTES\" width=\"300\" height=\"220\" srcset=\"https:\/\/www.ecuadoraldia.com.ec\/wp-content\/uploads\/2015\/03\/ESTUDIANTES-300x220.jpg 300w, https:\/\/www.ecuadoraldia.com.ec\/wp-content\/uploads\/2015\/03\/ESTUDIANTES.jpg 960w\" sizes=\"(max-width: 300px) 100vw, 300px\" \/><\/a>El plan de educaci\u00f3n sexual del Gobierno empezar\u00e1 en mayo en las escuelas y colegios de la Costa y ya tiene varias directrices.<\/p>\n<p style=\"text-align: justify;\">En septiembre iniciar\u00e1 en la Sierra.<\/p>\n<p style=\"text-align: justify;\">Los nuevos lineamientos se ajustan al Plan Familia Ecuador que reemplaz\u00f3 a la Estrategia Nacional Intersectorial de Planificaci\u00f3n Familiar y Prevenci\u00f3n de Embarazos en Adolescentes (Enipla). El plan oficial se centrar\u00e1 en fomentar los valores y las relaciones familiares, explic\u00f3 ayer el ministro de Educaci\u00f3n, Augusto Espinosa.<\/p>\n<p style=\"text-align: justify;\">Sin embargo, esto genera m\u00e1s debate y cr\u00edticas en el sentido de que esta no ser\u00e1 la soluci\u00f3n para reducir el embarazo adolescente, el principal objetivo.<\/p>\n<p style=\"text-align: justify;\">Aunque la autoridad se\u00f1al\u00f3 que no existir\u00e1n \u201cmayores cambios\u201d en lo que se est\u00e1 ense\u00f1ando porque, por ejemplo, s\u00ed estar\u00e1 incluida informaci\u00f3n sobre el uso de m\u00e9todos anticonceptivos, se \u201cva a incorporar la postergaci\u00f3n del inicio de las relaciones sexuales\u201d. Para el Ministro esa opci\u00f3n \u201cantes no estaba considerada\u201d.<\/p>\n<p style=\"text-align: justify;\">Adem\u00e1s se reforzar\u00e1 la formaci\u00f3n y la \u201cvivencia\u201d en valores, que \u201cno se ense\u00f1an te\u00f3ricamente\u201d.<\/p>\n<p style=\"text-align: justify;\">El plan del Ministerio tiene varias aristas. Una de ellas es la reforma de los contenidos de la malla curricular, que hasta mayo estar\u00e1 terminada, donde se incorporar\u00e1n los criterios del Plan Familia Ecuador, aunque Espinosa no especific\u00f3 cu\u00e1les ser\u00e1n los cambios.<\/p>\n<p style=\"text-align: justify;\">Otra de las acciones que realizar\u00e1 la cartera de Estado, es la aplicaci\u00f3n del programa Educar en Familia. El a\u00f1o pasado se realiz\u00f3 una prueba de este proyecto en las unidades educativas del milenio, con alrededor de 18.000 estudiantes.<\/p>\n<p style=\"text-align: justify;\">El programa consiste en talleres sobre sexualidad para los alumnos y para los padres, la realizaci\u00f3n de actividades en las instituciones para acercar a los hijos con sus familias y actividades de fin de semana. Los padres tambi\u00e9n podr\u00e1n acceder a los departamentos de consejer\u00eda estudiantil.<\/p>\n<p style=\"text-align: justify;\">En un convenio con la Secretar\u00eda del Buen Vivir se desarrollar\u00e1 la promoci\u00f3n de valores. Cada mes se seleccionar\u00e1 un valor y se realizar\u00e1n eventos para que los estudiantes puedan aprender sobre \u00e9l.<\/p>\n<p style=\"text-align: justify;\">Espinosa se\u00f1al\u00f3 que los programas que se implementen est\u00e1n incluidos en el plan de prevenci\u00f3n del Ministerio, que tambi\u00e9n maneja el tema de reducci\u00f3n del consumo de drogas, y que tiene un presupuesto de 100 millones de d\u00f3lares.<\/p>\n<p style=\"text-align: justify;\">Cr\u00edtica<\/p>\n<p style=\"text-align: justify;\">Virginia G\u00f3mez, del Frente por los Derechos Sexuales y Reproductivos, insiste que la educaci\u00f3n sobre sexualidad deber\u00eda estar basada en los derechos que est\u00e1n consagrados en la Constituci\u00f3n, donde se incluyen los derechos sexuales y reproductivos.<\/p>\n<p style=\"text-align: justify;\">Adem\u00e1s, de fomentar los aspectos de salud que est\u00e1n incorporados por la Organizaci\u00f3n Mundial de la Salud. En esto se incluyen los \u201cescenarios m\u00e1s actuales y m\u00e1s modernos en t\u00e9rminos de anticonceptivos\u201d.<\/p>\n<p style=\"text-align: justify;\">Ella cuestiona que se pueda hablar y educar sobre la afectividad detr\u00e1s de las relaciones porque \u201cojal\u00e1 fueran solo con amor, pero hay relaciones sexuales donde el amor no es la condici\u00f3n, si no no existieran trabajadores sexuales\u201d.<\/p>\n<p style=\"text-align: justify;\">G\u00f3mez no considera que se vaya a plantear la postergaci\u00f3n de las relaciones sexuales, sino la abstinencia como la opci\u00f3n para reducir los embarazos adolescentes. Ella espera que exista una \u201cpropuesta coherente\u201d para disminuir la problem\u00e1tica. (la hora)<\/p>\n","protected":false},"excerpt":{"rendered":"<p>El plan de educaci\u00f3n sexual del Gobierno empezar\u00e1 en mayo en las escuelas y colegios de la Costa y ya<\/p>\n","protected":false},"author":1,"featured_media":0,"comment_status":"open","ping_status":"open","sticky":false,"template":"","format":"standard","meta":{"footnotes":""},"categories":[4],"tags":[],"_links":{"self":[{"href":"https:\/\/www.ecuadoraldia.com.ec\/index.php?rest_route=\/wp\/v2\/posts\/7715"}],"collection":[{"href":"https:\/\/www.ecuadoraldia.com.ec\/index.php?rest_route=\/wp\/v2\/posts"}],"about":[{"href":"https:\/\/www.ecuadoraldia.com.ec\/index.php?rest_route=\/wp\/v2\/types\/post"}],"author":[{"embeddable":true,"href":"https:\/\/www.ecuadoraldia.com.ec\/index.php?rest_route=\/wp\/v2\/users\/1"}],"replies":[{"embeddable":true,"href":"https:\/\/www.ecuadoraldia.com.ec\/index.php?rest_route=%2Fwp%2Fv2%2Fcomments&post=7715"}],"version-history":[{"count":1,"href":"https:\/\/www.ecuadoraldia.com.ec\/index.php?rest_route=\/wp\/v2\/posts\/7715\/revisions"}],"predecessor-version":[{"id":7717,"href":"https:\/\/www.ecuadoraldia.com.ec\/index.php?rest_route=\/wp\/v2\/posts\/7715\/revisions\/7717"}],"wp:attachment":[{"href":"https:\/\/www.ecuadoraldia.com.ec\/index.php?rest_route=%2Fwp%2Fv2%2Fmedia&parent=7715"}],"wp:term":[{"taxonomy":"category","embeddable":true,"href":"https:\/\/www.ecuadoraldia.com.ec\/index.php?rest_route=%2Fwp%2Fv2%2Fcategories&post=7715"},{"taxonomy":"post_tag","embeddable":true,"href":"https:\/\/www.ecuadoraldia.com.ec\/index.php?rest_route=%2Fwp%2Fv2%2Ftags&post=7715"}],"curies":[{"name":"wp","href":"https:\/\/api.w.org\/{rel}","templated":true}]}}