{"id":7718,"date":"2015-03-03T12:08:31","date_gmt":"2015-03-03T12:08:31","guid":{"rendered":"http:\/\/www.ecuadoraldia.com.ec\/?p=7718"},"modified":"2015-03-03T12:08:31","modified_gmt":"2015-03-03T12:08:31","slug":"victimas-de-violacion-a-dd-hh-expusieron-sus-casos-en-defensoria","status":"publish","type":"post","link":"https:\/\/www.ecuadoraldia.com.ec\/?p=7718","title":{"rendered":"V\u00edctimas de violaci\u00f3n a DD.HH. expusieron sus casos en Defensor\u00eda"},"content":{"rendered":"<p style=\"text-align: justify;\"><a href=\"http:\/\/www.ecuadoraldia.com.ec\/wp-content\/uploads\/2015\/03\/defensoria.jpg\"><img loading=\"lazy\" decoding=\"async\" class=\"alignleft size-medium wp-image-7719\" src=\"http:\/\/www.ecuadoraldia.com.ec\/wp-content\/uploads\/2015\/03\/defensoria-300x183.jpg\" alt=\"defensoria\" width=\"300\" height=\"183\" srcset=\"https:\/\/www.ecuadoraldia.com.ec\/wp-content\/uploads\/2015\/03\/defensoria-300x183.jpg 300w, https:\/\/www.ecuadoraldia.com.ec\/wp-content\/uploads\/2015\/03\/defensoria.jpg 359w\" sizes=\"(max-width: 300px) 100vw, 300px\" \/><\/a>Desde el 9 de febrero de 2015, 104 personas que sufrieron violaciones a los derechos humanos en el pa\u00eds, han expuesto sus casos en la Defensor\u00eda del Pueblo, conforme a la aplicaci\u00f3n de la Ley de Reparaci\u00f3n de v\u00edctimas. As\u00ed lo indic\u00f3 ayer Ramiro Rivadeneira, defensor del Pueblo, entidad que coordina el Programa de Reparaci\u00f3n.<\/p>\n<p style=\"text-align: justify;\">Las 104 personas forman parte de los 108 casos -con 456 v\u00edctimas- receptados por la Comisi\u00f3n de la Verdad, que registr\u00f3 los procesos de los delitos entre el 4 de octubre de 1983 y el 31 de diciembre de 2008. Las ciudades de Quito, Guayaquil y Loja son las localidades que han expuesto mayor cantidad de casos.<\/p>\n<p style=\"text-align: justify;\">Para el efecto, la Defensor\u00eda del Pueblo atiende a diario a las personas y cuenta con 5 abogados, 3 sic\u00f3logos y una trabajadora social.<\/p>\n<p style=\"text-align: justify;\">El proceso de reparaci\u00f3n incluye dos fases: primero, la inmaterial, a cargo de la Defensor\u00eda del Pueblo, y luego la material, que la ejecutar\u00e1 el Ministerio de Justicia.<\/p>\n<p style=\"text-align: justify;\">Cristina Gonz\u00e1lez, viceministra de Justicia, explic\u00f3 que la entidad estudiar\u00e1 los casos que sean despachados por la Defensor\u00eda del Pueblo, para que ingresen a los procesos de negociaci\u00f3n para los montos de las indemnizaciones.<\/p>\n<p style=\"text-align: justify;\">Explic\u00f3 que este proceso ser\u00e1 determinado por el Reglamento expedido para esta ley, y las compensaciones econ\u00f3micas se las evaluar\u00e1 conforme a los da\u00f1os materiales sufridos por la v\u00edctima o sus familiares. Y tambi\u00e9n se tomar\u00e1n en cuenta los criterios establecidos por el Sistema Interamericano de Derechos Humanos para estos casos.<\/p>\n<p style=\"text-align: justify;\">La indemnizaci\u00f3n est\u00e1 contemplada en el art\u00edculo 7 de la ley, como medidas para la reparaci\u00f3n integral de v\u00edctimas.<\/p>\n<p style=\"text-align: justify;\">El per\u00edodo de reparaci\u00f3n depender\u00e1 de cada caso, pero se tratar\u00e1 de que se efect\u00fae con la mayor celeridad, puntualiz\u00f3 la Viceministra.<\/p>\n<p style=\"text-align: justify;\">Los funcionarios manifestaron que es un hecho hist\u00f3rico, porque el \u201cEstado ha reconocido su responsabilidad en estos hechos\u201d.<\/p>\n<p style=\"text-align: justify;\">Ley de reparaci\u00f3n a v\u00edctimas<\/p>\n<p style=\"text-align: justify;\">La ley para la reparaci\u00f3n a las v\u00edctimas y la judicializaci\u00f3n de violaciones de derechos humanos se enmarca en los delitos de lesa humanidad ocurridos en Ecuador entre 1983 y 2008, publicada en el Registro Oficial el 13 de diciembre de 2013.<\/p>\n<p style=\"text-align: justify;\">De acuerdo con esta ley y el art\u00edculo 215 de la Constituci\u00f3n, la Defensor\u00eda del Pueblo tiene entre sus funciones la protecci\u00f3n y tutela de los derechos de los habitantes de Ecuador y en consecuencia debe cumplir un papel fundamental en la garant\u00eda de los derechos de las v\u00edctimas de violaciones de derechos humanos.<\/p>\n<p style=\"text-align: justify;\">La Defensor\u00eda del Pueblo cre\u00f3 el Programa de Reparaci\u00f3n por v\u00eda administrativa para las v\u00edctimas de violaciones de los derechos humanos documentadas por la Comisi\u00f3n de la Verdad.<\/p>\n<p style=\"text-align: justify;\">Los beneficiarios directos de las medidas reparatorias se extienden no solo a la v\u00edctima sino tambi\u00e9n a su c\u00f3nyuge, parejas por uni\u00f3n de hecho y familiares consangu\u00edneos hasta el segundo grado de parentesco.<\/p>\n<p style=\"text-align: justify;\">Caso Basantes<\/p>\n<p style=\"text-align: justify;\">Rivadeneira anunci\u00f3 que ma\u00f1ana a las 11:00 en el Registro Civil de Quito se efectuar\u00e1 una de las primeras reparaciones en el derecho de identidad para el ciudadano Fausto Eloy Basantes C\u00e1rdenas.(Fuente el tel\u00e9grafo)<\/p>\n","protected":false},"excerpt":{"rendered":"<p>Desde el 9 de febrero de 2015, 104 personas que sufrieron violaciones a los derechos humanos en el pa\u00eds, han<\/p>\n","protected":false},"author":1,"featured_media":0,"comment_status":"open","ping_status":"open","sticky":false,"template":"","format":"standard","meta":{"footnotes":""},"categories":[5],"tags":[],"_links":{"self":[{"href":"https:\/\/www.ecuadoraldia.com.ec\/index.php?rest_route=\/wp\/v2\/posts\/7718"}],"collection":[{"href":"https:\/\/www.ecuadoraldia.com.ec\/index.php?rest_route=\/wp\/v2\/posts"}],"about":[{"href":"https:\/\/www.ecuadoraldia.com.ec\/index.php?rest_route=\/wp\/v2\/types\/post"}],"author":[{"embeddable":true,"href":"https:\/\/www.ecuadoraldia.com.ec\/index.php?rest_route=\/wp\/v2\/users\/1"}],"replies":[{"embeddable":true,"href":"https:\/\/www.ecuadoraldia.com.ec\/index.php?rest_route=%2Fwp%2Fv2%2Fcomments&post=7718"}],"version-history":[{"count":1,"href":"https:\/\/www.ecuadoraldia.com.ec\/index.php?rest_route=\/wp\/v2\/posts\/7718\/revisions"}],"predecessor-version":[{"id":7720,"href":"https:\/\/www.ecuadoraldia.com.ec\/index.php?rest_route=\/wp\/v2\/posts\/7718\/revisions\/7720"}],"wp:attachment":[{"href":"https:\/\/www.ecuadoraldia.com.ec\/index.php?rest_route=%2Fwp%2Fv2%2Fmedia&parent=7718"}],"wp:term":[{"taxonomy":"category","embeddable":true,"href":"https:\/\/www.ecuadoraldia.com.ec\/index.php?rest_route=%2Fwp%2Fv2%2Fcategories&post=7718"},{"taxonomy":"post_tag","embeddable":true,"href":"https:\/\/www.ecuadoraldia.com.ec\/index.php?rest_route=%2Fwp%2Fv2%2Ftags&post=7718"}],"curies":[{"name":"wp","href":"https:\/\/api.w.org\/{rel}","templated":true}]}}