{"id":7721,"date":"2015-03-03T12:13:14","date_gmt":"2015-03-03T12:13:14","guid":{"rendered":"http:\/\/www.ecuadoraldia.com.ec\/?p=7721"},"modified":"2015-03-03T12:13:14","modified_gmt":"2015-03-03T12:13:14","slug":"la-policia-celebra-77-anos-de-profesionalizacion","status":"publish","type":"post","link":"https:\/\/www.ecuadoraldia.com.ec\/?p=7721","title":{"rendered":"La Polic\u00eda celebra 77 a\u00f1os de profesionalizaci\u00f3n"},"content":{"rendered":"<p style=\"text-align: justify;\"><a href=\"http:\/\/www.ecuadoraldia.com.ec\/wp-content\/uploads\/2015\/03\/polis.jpg\"><img loading=\"lazy\" decoding=\"async\" class=\"alignleft size-full wp-image-7722\" src=\"http:\/\/www.ecuadoraldia.com.ec\/wp-content\/uploads\/2015\/03\/polis.jpg\" alt=\"polis\" width=\"269\" height=\"195\" \/><\/a>Al conmemorarse el aniversario 77 de profesionalizaci\u00f3n de la Polic\u00eda Nacional la instituci\u00f3n se ha propuesto fortalecer su lucha contra la impunidad y el tr\u00e1fico de drogas, inform\u00f3 el ministro del Interior, Jos\u00e9 Serrano Salgado (foto).<\/p>\n<p style=\"text-align: justify;\">\u201cVamos a seguir en esta lucha, ya hemos desarticulado alrededor de 58 bandas de microtr\u00e1fico y seguiremos en este proceso. Si algo vamos a erradicar, ser\u00e1 justamente estas bandas que est\u00e1n lucrando de j\u00f3venes, ni\u00f1os, de nuestro pa\u00eds para venderles la droga o incluso regal\u00e1rselas\u201d, manifest\u00f3 Serrano y agreg\u00f3 que en lo que va del a\u00f1o se han decomisado alrededor de 3,5 toneladas de droga para el consumo interno y 9,5 toneladas que iban al extranjero.<\/p>\n<p style=\"text-align: justify;\">Tambi\u00e9n, resalt\u00f3 que la Polic\u00eda recupera la confianza de la ciudadan\u00eda, esto gracias al trabajo contra la delincuencia, enfocado en los problemas que afectan al pa\u00eds, y puso como ejemplo los operativos \u2018Eslab\u00f3n\u2019 que hasta el momento son 15, pero el objetivo es ejecutar 100 hasta desarticular a las bandas m\u00e1s peligrosas del pa\u00eds.<\/p>\n<p style=\"text-align: justify;\">\u201cVamos a continuar con m\u00e1s resultados la pr\u00f3xima semana y esperamos llegar lo m\u00e1s pronto posible al eslab\u00f3n 25\u201d, expres\u00f3 el ministro.<\/p>\n<p style=\"text-align: justify;\">Ayer se realizaron varios homenajes por el aniversario, entre ellos la colocaci\u00f3n de una ofrenda floral en la Unidad de Vigilancia Comunitaria, conocida como Cuartel Modelo, en Guayaquil. En la ceremonia, presidida por el coronel Ren\u00e1n Velasco, subcomandante de la Zona 8 (Guayaquil, Dur\u00e1n y Samborond\u00f3n) se rindi\u00f3 tributo a polic\u00edas en servicio pasivo.<\/p>\n<p style=\"text-align: justify;\">Mientras que en Quito Jos\u00e9 Serrano condecor\u00f3 al general Fausto Tamayo, comandante general de la Polic\u00eda Nacional. Adem\u00e1s, se guard\u00f3 un minuto de silencio por los gendarmes que perdieron la vida en el cumplimiento de su trabajo. (Fuente el tel\u00e9grafo)<\/p>\n","protected":false},"excerpt":{"rendered":"<p>Al conmemorarse el aniversario 77 de profesionalizaci\u00f3n de la Polic\u00eda Nacional la instituci\u00f3n se ha propuesto fortalecer su lucha contra<\/p>\n","protected":false},"author":1,"featured_media":0,"comment_status":"open","ping_status":"open","sticky":false,"template":"","format":"standard","meta":{"footnotes":""},"categories":[11,1],"tags":[],"_links":{"self":[{"href":"https:\/\/www.ecuadoraldia.com.ec\/index.php?rest_route=\/wp\/v2\/posts\/7721"}],"collection":[{"href":"https:\/\/www.ecuadoraldia.com.ec\/index.php?rest_route=\/wp\/v2\/posts"}],"about":[{"href":"https:\/\/www.ecuadoraldia.com.ec\/index.php?rest_route=\/wp\/v2\/types\/post"}],"author":[{"embeddable":true,"href":"https:\/\/www.ecuadoraldia.com.ec\/index.php?rest_route=\/wp\/v2\/users\/1"}],"replies":[{"embeddable":true,"href":"https:\/\/www.ecuadoraldia.com.ec\/index.php?rest_route=%2Fwp%2Fv2%2Fcomments&post=7721"}],"version-history":[{"count":1,"href":"https:\/\/www.ecuadoraldia.com.ec\/index.php?rest_route=\/wp\/v2\/posts\/7721\/revisions"}],"predecessor-version":[{"id":7723,"href":"https:\/\/www.ecuadoraldia.com.ec\/index.php?rest_route=\/wp\/v2\/posts\/7721\/revisions\/7723"}],"wp:attachment":[{"href":"https:\/\/www.ecuadoraldia.com.ec\/index.php?rest_route=%2Fwp%2Fv2%2Fmedia&parent=7721"}],"wp:term":[{"taxonomy":"category","embeddable":true,"href":"https:\/\/www.ecuadoraldia.com.ec\/index.php?rest_route=%2Fwp%2Fv2%2Fcategories&post=7721"},{"taxonomy":"post_tag","embeddable":true,"href":"https:\/\/www.ecuadoraldia.com.ec\/index.php?rest_route=%2Fwp%2Fv2%2Ftags&post=7721"}],"curies":[{"name":"wp","href":"https:\/\/api.w.org\/{rel}","templated":true}]}}