{"id":7724,"date":"2015-03-04T00:23:46","date_gmt":"2015-03-04T00:23:46","guid":{"rendered":"http:\/\/www.ecuadoraldia.com.ec\/?p=7724"},"modified":"2015-03-04T00:23:46","modified_gmt":"2015-03-04T00:23:46","slug":"siete-horas-duro-gabinete-ampliado-en-carondelet","status":"publish","type":"post","link":"https:\/\/www.ecuadoraldia.com.ec\/?p=7724","title":{"rendered":"Siete horas dur\u00f3 gabinete ampliado en Carondelet"},"content":{"rendered":"<p style=\"text-align: justify;\"><a href=\"http:\/\/www.ecuadoraldia.com.ec\/wp-content\/uploads\/2015\/03\/GABINETEAMPLIADO.jpg\"><img loading=\"lazy\" decoding=\"async\" class=\"alignleft size-medium wp-image-7725\" src=\"http:\/\/www.ecuadoraldia.com.ec\/wp-content\/uploads\/2015\/03\/GABINETEAMPLIADO-300x199.jpg\" alt=\"GABINETEAMPLIADO\" width=\"300\" height=\"199\" srcset=\"https:\/\/www.ecuadoraldia.com.ec\/wp-content\/uploads\/2015\/03\/GABINETEAMPLIADO-300x199.jpg 300w, https:\/\/www.ecuadoraldia.com.ec\/wp-content\/uploads\/2015\/03\/GABINETEAMPLIADO.jpg 450w\" sizes=\"(max-width: 300px) 100vw, 300px\" \/><\/a>Por varias horas los secretarios de Estado evaluaron con el presidente Rafael Correa el cumplimiento de los objetivos establecidos en el Plan Nacional del Vivir y dieron seguimiento a los proyectos relevantes del r\u00e9gimen.<\/p>\n<p style=\"text-align: justify;\">En la cita que se llev\u00f3 a cabo desde las 06:00, en Carondelet, los ministros y el Mandatario abordaron temas referentes a obras p\u00fablicas, capacitaci\u00f3n p\u00fablica y privada, regularizaci\u00f3n de camaroneras, inversi\u00f3n en el \u00e1rea de la educaci\u00f3n, entre otros.<\/p>\n<p style=\"text-align: justify;\">Al finalizar la reuni\u00f3n, Ricardo Pati\u00f1o, ministro de Relaciones Exteriores, destac\u00f3 los esfuerzos que se han realizado por parte de las autoridades ecuatorianas en Italia para reunir a hijos de los migrantes que han sido separados de sus familias. Record\u00f3 que se han resuelto 12 casos de custodia, pero todav\u00eda hay otros 42 pendientes.<\/p>\n<p style=\"text-align: justify;\">\u201cEl Gobierno ecuatoriano le est\u00e1 dando seguimiento a esos ni\u00f1os. Pero no necesariamente que vuelvan con sus padres, porque a veces los tribunales consideran que la familia primaria no est\u00e1 en condiciones de cuidar a esos ni\u00f1os, pero puede estar con otros familiares\u201d, se\u00f1al\u00f3.<\/p>\n<p style=\"text-align: justify;\">El ministro coordinador de Seguridad, C\u00e9sar Navas, tambi\u00e9n se\u00f1al\u00f3 los temas que se delinearon en el encuentro. Explic\u00f3 que se conoci\u00f3 el tema de la reubicaci\u00f3n del Astillero de Astinave, que se encuentra en Guayaquil (Guayas), hacia la parroquia de Posorja que involucra al sector de Seguridad-Defensa. Se traz\u00f3 una hoja de ruta y se espera que hasta diciembre de 2016, contar con la primera fase de traslado del astillero.<\/p>\n<p style=\"text-align: justify;\">Navas y Pati\u00f1o se pronunciaron sobre los 9 detenidos durante un operativo en el que se decomis\u00f3 droga en una hacienda del sitio La Marujita de Quinind\u00e9, en Esmeraldas, cuya mercanc\u00eda podr\u00eda pertenecer al c\u00e1rtel de Sinaloa.<\/p>\n<p style=\"text-align: justify;\">Ambos funcionarios reiteraron que el Gobierno fortalece esfuerzos en el combate del narcotr\u00e1fico. \u201cEstamos presentes de forma permanente en los controles. Todas estas actividades son ejecutadas por la Polic\u00eda Nacional y las Fuerzas Armadas\u201d, se\u00f1al\u00f3 el ministro Navas.<\/p>\n<p style=\"text-align: justify;\">Otro tema que se abord\u00f3 fue la expulsi\u00f3n de la concejala de Quito, Karen S\u00e1nchez, quien anunci\u00f3 su desafiliaci\u00f3n de Alianza PAIS el pasado viernes.<\/p>\n<p style=\"text-align: justify;\">Doris Soliz, directora Ejecutiva del movimiento, rechaz\u00f3 la postura de S\u00e1nchez y lo calific\u00f3 como un acto de \u201ccamisetazos\u201d, propio de la partidocracia.<\/p>\n<p style=\"text-align: justify;\">\u201cSi una persona quiere cambiar de ideolog\u00eda deber\u00eda renunciar. La se\u00f1ora Karen S\u00e1nchez no lo ha hecho, pero ya fue expulsada del movimiento y por ende con las atribuciones que nos da el C\u00f3digo de la Democracia vamos a pedir la revocatoria\u201d, dijo al finalizar el gabinete. El Tel\u00e9grafo<\/p>\n<p style=\"text-align: justify;\">Reestructuraci\u00f3n del Secap<\/p>\n<p style=\"text-align: justify;\">M\u00e1s temprano, el ministro de Trabajo, Carlos Marx Carrasco, adelant\u00f3 que ten\u00eda previsto explicar en la cita cu\u00e1l ser\u00e1 el nuevo enfoque de la capacitaci\u00f3n de la formaci\u00f3n para el trabajo, ya que el Servicio Ecuatoriano de Capacitaci\u00f3n Profesional (Secap), al cumplir un papel fundamental en el campo de la formaci\u00f3n profesional, \u201cno es competitivo ni complementario con el sistema educativo formal\u201d.<\/p>\n<p style=\"text-align: justify;\">El funcionario explic\u00f3 que este centro de estudios tiene que reestructurarse, incluso para el cambio de la matriz productiva. Con ese antecedente se\u00f1al\u00f3 que en estos d\u00edas, se est\u00e1n impartiendo cursos para reparar cocinas de inducci\u00f3n, que aportan al cambio de matriz.<\/p>\n<p style=\"text-align: justify;\">El Secretario de Estado a\u00f1adi\u00f3 que, incluso, se contemplan capacitaciones para choferes que hayan pedido puntos en su licencia. \u201cEstoy convencido de que el Secap debe mejorar y cumplir con su funci\u00f3n\u201d, reiter\u00f3.<\/p>\n<p style=\"text-align: justify;\">Marx tambi\u00e9n se pronunci\u00f3 sobre las marchas previstas para el 19 de marzo por organizaciones como el Frente Unitario de Trabajadores (FUT), la Confederaci\u00f3n de Nacionalidades Ind\u00edgenas del Ecuador (Conaie), Ecuarunari, la Uni\u00f3n Nacional de Educadores (UNE), entre otras.<\/p>\n<p style=\"text-align: justify;\">Se\u00f1al\u00f3 que todo el mundo tiene derecho a movilizarse, siempre y cuando haya \u201crazones fuertes\u201d. Cuando se marcha enga\u00f1ando y mintiendo no tiene norte y esta vez no ser\u00eda la excepci\u00f3n (\u2026) Todo el mundo tiene el derecho de expresar sus opiniones a\u00fan siendo equivocadas\u201d, dijo. El Tel\u00e9grafo<\/p>\n","protected":false},"excerpt":{"rendered":"<p>Por varias horas los secretarios de Estado evaluaron con el presidente Rafael Correa el cumplimiento de los objetivos establecidos en<\/p>\n","protected":false},"author":1,"featured_media":0,"comment_status":"open","ping_status":"open","sticky":false,"template":"","format":"standard","meta":{"footnotes":""},"categories":[1],"tags":[],"_links":{"self":[{"href":"https:\/\/www.ecuadoraldia.com.ec\/index.php?rest_route=\/wp\/v2\/posts\/7724"}],"collection":[{"href":"https:\/\/www.ecuadoraldia.com.ec\/index.php?rest_route=\/wp\/v2\/posts"}],"about":[{"href":"https:\/\/www.ecuadoraldia.com.ec\/index.php?rest_route=\/wp\/v2\/types\/post"}],"author":[{"embeddable":true,"href":"https:\/\/www.ecuadoraldia.com.ec\/index.php?rest_route=\/wp\/v2\/users\/1"}],"replies":[{"embeddable":true,"href":"https:\/\/www.ecuadoraldia.com.ec\/index.php?rest_route=%2Fwp%2Fv2%2Fcomments&post=7724"}],"version-history":[{"count":1,"href":"https:\/\/www.ecuadoraldia.com.ec\/index.php?rest_route=\/wp\/v2\/posts\/7724\/revisions"}],"predecessor-version":[{"id":7726,"href":"https:\/\/www.ecuadoraldia.com.ec\/index.php?rest_route=\/wp\/v2\/posts\/7724\/revisions\/7726"}],"wp:attachment":[{"href":"https:\/\/www.ecuadoraldia.com.ec\/index.php?rest_route=%2Fwp%2Fv2%2Fmedia&parent=7724"}],"wp:term":[{"taxonomy":"category","embeddable":true,"href":"https:\/\/www.ecuadoraldia.com.ec\/index.php?rest_route=%2Fwp%2Fv2%2Fcategories&post=7724"},{"taxonomy":"post_tag","embeddable":true,"href":"https:\/\/www.ecuadoraldia.com.ec\/index.php?rest_route=%2Fwp%2Fv2%2Ftags&post=7724"}],"curies":[{"name":"wp","href":"https:\/\/api.w.org\/{rel}","templated":true}]}}