{"id":7727,"date":"2015-03-04T00:24:59","date_gmt":"2015-03-04T00:24:59","guid":{"rendered":"http:\/\/www.ecuadoraldia.com.ec\/?p=7727"},"modified":"2015-03-04T00:24:59","modified_gmt":"2015-03-04T00:24:59","slug":"obama-no-hubo-nada-nuevo-en-discurso-de-netanyahu","status":"publish","type":"post","link":"https:\/\/www.ecuadoraldia.com.ec\/?p=7727","title":{"rendered":"Obama: No hubo \u00abnada nuevo\u00bb en discurso de Netanyahu"},"content":{"rendered":"<p style=\"text-align: justify;\"><a href=\"http:\/\/www.ecuadoraldia.com.ec\/wp-content\/uploads\/2015\/03\/Obama-Netanyahu.jpg\"><img loading=\"lazy\" decoding=\"async\" class=\"alignleft size-medium wp-image-7728\" src=\"http:\/\/www.ecuadoraldia.com.ec\/wp-content\/uploads\/2015\/03\/Obama-Netanyahu-300x136.jpg\" alt=\"Obama-Netanyahu\" width=\"300\" height=\"136\" srcset=\"https:\/\/www.ecuadoraldia.com.ec\/wp-content\/uploads\/2015\/03\/Obama-Netanyahu-300x136.jpg 300w, https:\/\/www.ecuadoraldia.com.ec\/wp-content\/uploads\/2015\/03\/Obama-Netanyahu.jpg 450w\" sizes=\"(max-width: 300px) 100vw, 300px\" \/><\/a>Agencia AFP. El presidente estadounidense Barack Obama estim\u00f3 este martes que el primer ministro israel\u00ed Benjamin Netanyahu no se\u00f1al\u00f3 en su discurso ante el Congreso ninguna \u00abalternativa viable\u00bb al proyecto de acuerdo sobre el programa nuclear iran\u00ed.<\/p>\n<p style=\"text-align: justify;\">El discurso del dirigente israel\u00ed no aporta \u00abnada nuevo\u00bb, afirm\u00f3 el mandatario estadounidense en el Sal\u00f3n Oval de la Casa Blanca. \u00abEl resultado es que todav\u00eda no tenemos un acuerdo\u00bb sobre el programa nuclear iran\u00ed.<\/p>\n<p style=\"text-align: justify;\">\u00abPero si tenemos \u00e9xito, ser\u00e1 el mejor acuerdo posible con Ir\u00e1n para impedir que se dote de un arma nuclear\u00bb, agreg\u00f3.<\/p>\n<p style=\"text-align: justify;\">\u00abLo importante es que nos mantengamos concentrados en este problema. La cuesti\u00f3n central es: \u00bfc\u00f3mo podemos impedirles que obtengan el arma nuclear?\u00bb, subray\u00f3 Obama.<\/p>\n<p style=\"text-align: justify;\">Netanyahu hab\u00eda cuestionado minutos antes las negociaciones en marcha con Ir\u00e1n. \u00abEste es un mal acuerdo. Es un muy mal acuerdo. Estaremos mejor sin \u00e9l\u00bb, afirm\u00f3 el l\u00edder israel\u00ed invitado a hablar ante el Congreso por la mayor\u00eda republicana pese a la oposici\u00f3n de la Casa Blanca.<\/p>\n<p style=\"text-align: justify;\">Hacia el fin de su discurso, Netanyahu dej\u00f3 una nota claramente amenazadora: \u00ables puedo garantizar que los d\u00edas en que los jud\u00edos permanec\u00edan pasivos ante enemigos genocidas, esos d\u00edas se han terminado\u00bb.<\/p>\n<p style=\"text-align: justify;\">\u00abPor primera vez en 100 generaciones, los jud\u00edos podemos defendernos por nosotros mismos\u00bb, alert\u00f3.<\/p>\n<p style=\"text-align: justify;\">Unos cincuenta senadores del Partido dem\u00f3crata decidieron no participar de la reuni\u00f3n plenaria, en protesta por la iniciativa republicana de invitar a Netanyahu a dirigirse al Congreso, sin consultar con la Casa Blanca o con el Departamento de Estado. El Tel\u00e9grafo<\/p>\n","protected":false},"excerpt":{"rendered":"<p>Agencia AFP. El presidente estadounidense Barack Obama estim\u00f3 este martes que el primer ministro israel\u00ed Benjamin Netanyahu no se\u00f1al\u00f3 en<\/p>\n","protected":false},"author":1,"featured_media":0,"comment_status":"open","ping_status":"open","sticky":false,"template":"","format":"standard","meta":{"footnotes":""},"categories":[7],"tags":[],"_links":{"self":[{"href":"https:\/\/www.ecuadoraldia.com.ec\/index.php?rest_route=\/wp\/v2\/posts\/7727"}],"collection":[{"href":"https:\/\/www.ecuadoraldia.com.ec\/index.php?rest_route=\/wp\/v2\/posts"}],"about":[{"href":"https:\/\/www.ecuadoraldia.com.ec\/index.php?rest_route=\/wp\/v2\/types\/post"}],"author":[{"embeddable":true,"href":"https:\/\/www.ecuadoraldia.com.ec\/index.php?rest_route=\/wp\/v2\/users\/1"}],"replies":[{"embeddable":true,"href":"https:\/\/www.ecuadoraldia.com.ec\/index.php?rest_route=%2Fwp%2Fv2%2Fcomments&post=7727"}],"version-history":[{"count":1,"href":"https:\/\/www.ecuadoraldia.com.ec\/index.php?rest_route=\/wp\/v2\/posts\/7727\/revisions"}],"predecessor-version":[{"id":7729,"href":"https:\/\/www.ecuadoraldia.com.ec\/index.php?rest_route=\/wp\/v2\/posts\/7727\/revisions\/7729"}],"wp:attachment":[{"href":"https:\/\/www.ecuadoraldia.com.ec\/index.php?rest_route=%2Fwp%2Fv2%2Fmedia&parent=7727"}],"wp:term":[{"taxonomy":"category","embeddable":true,"href":"https:\/\/www.ecuadoraldia.com.ec\/index.php?rest_route=%2Fwp%2Fv2%2Fcategories&post=7727"},{"taxonomy":"post_tag","embeddable":true,"href":"https:\/\/www.ecuadoraldia.com.ec\/index.php?rest_route=%2Fwp%2Fv2%2Ftags&post=7727"}],"curies":[{"name":"wp","href":"https:\/\/api.w.org\/{rel}","templated":true}]}}