{"id":7730,"date":"2015-03-04T00:26:21","date_gmt":"2015-03-04T00:26:21","guid":{"rendered":"http:\/\/www.ecuadoraldia.com.ec\/?p=7730"},"modified":"2015-03-04T00:26:21","modified_gmt":"2015-03-04T00:26:21","slug":"guayas-y-azuay-ponen-fin-a-controversia-limitrofe-con-firma-de-acuerdo","status":"publish","type":"post","link":"https:\/\/www.ecuadoraldia.com.ec\/?p=7730","title":{"rendered":"Guayas y Azuay ponen fin a controversia lim\u00edtrofe con firma de acuerdo"},"content":{"rendered":"<p style=\"text-align: justify;\"><a href=\"http:\/\/www.ecuadoraldia.com.ec\/wp-content\/uploads\/2015\/03\/GUAYAS_AZUAY_ACUERDO.jpg\"><img loading=\"lazy\" decoding=\"async\" class=\"alignleft size-medium wp-image-7731\" src=\"http:\/\/www.ecuadoraldia.com.ec\/wp-content\/uploads\/2015\/03\/GUAYAS_AZUAY_ACUERDO-300x196.jpg\" alt=\"GUAYAS_AZUAY_ACUERDO\" width=\"300\" height=\"196\" srcset=\"https:\/\/www.ecuadoraldia.com.ec\/wp-content\/uploads\/2015\/03\/GUAYAS_AZUAY_ACUERDO-300x196.jpg 300w, https:\/\/www.ecuadoraldia.com.ec\/wp-content\/uploads\/2015\/03\/GUAYAS_AZUAY_ACUERDO.jpg 450w\" sizes=\"(max-width: 300px) 100vw, 300px\" \/><\/a>Los prefectos de Guayas y Azuay, Jimmy Jairala y Pa\u00fal Carrasco, respectivamente, firmaron hoy en Machala un acuerdo en torno a 608 kms2 de territorio, en lo que constitu\u00eda la controversia lim\u00edtrofe m\u00e1s grande del Ecuador.<\/p>\n<p style=\"text-align: justify;\">\u00abNunca m\u00e1s nuestras provincias estar\u00e1n afectadas por l\u00edneas mal trazadas. Es hora de la reconciliaci\u00f3n nacional. Familias enteras en estas dos provincias vivieron, crecieron, fundaron sus emprendimientos sin saber a qu\u00e9 provincia pertenec\u00edan. Pero estamos cerrando esta vieja herida que nos lastimaba a todos\u00bb, sostuvo Jairala en su intervenci\u00f3n.<\/p>\n<p style=\"text-align: justify;\">De su lado, Carrasco destac\u00f3 que \u00abjuntos podemos hacer de este pa\u00eds un espacio de di\u00e1logo y de construcci\u00f3n (&#8230;) Cerrar (las fronteras internas) es ganar y por eso no voy a dar un paso atr\u00e1s en lo que resolvimos\u00bb.<\/p>\n<p style=\"text-align: justify;\">La C\u00e1mara Provincial del Azuay y el Consejo Provincial del Guayas hab\u00edan aprobado, por separado, el preacuerdo que pone fin a la controversia de m\u00e1s de 40 a\u00f1os. La Ley de L\u00edmites da un plazo hasta el 15 de abril para la resoluci\u00f3n de conflictos de l\u00edmites.<\/p>\n<p style=\"text-align: justify;\">El acuerdo resolvi\u00f3 la distribuci\u00f3n de 608 kms2 entre ambas provincias: 24 comunidades asentadas en 290 kms2 quedar\u00e1n como parte del Guayas. Para Azuay son 18 comunidades asentadas en 310 kms2.<\/p>\n<p style=\"text-align: justify;\">Solo queda por determinar la pertenencia de 1 km2 correspondiente al recinto Abd\u00f3n Calder\u00f3n. La resoluci\u00f3n se dar\u00e1 a trav\u00e9s de una consulta popular.<\/p>\n<p style=\"text-align: justify;\">Al t\u00e9rmino del acto, Jairala dej\u00f3 entrever que con la firma del acuerdo entre ambas provincias quedan sin efecto los reclamos que hac\u00edan la parroquia Molleturo (Cuenca) y el cant\u00f3n Ponce Enr\u00edquez. \u00abEl tema fue socializado. Ya se han dado explicaciones en el sentido de que ning\u00fan cant\u00f3n ni ninguna parroquia pueden interferir en la creaci\u00f3n de l\u00edmites provinciales. Es por eso que lo que se ha hecho es lo m\u00e1s consensuado y si hay alguna inconformidad, no detuvo el acuerdo\u00bb, apunt\u00f3.<\/p>\n<p style=\"text-align: justify;\">Tambi\u00e9n evalu\u00f3 los avances en las negociaciones con otras provincias. A Bol\u00edvar, dijo, la pr\u00f3xima semana le formalizar\u00e1 una nueva propuesta cuyos detalles a\u00fan mantiene en reserva; mientras que con Ca\u00f1ar, se logr\u00f3 definir 20 kms2, pero en la controversia con El Piedrero se recurrir\u00e1 a la Resoluci\u00f3n Institucional.<\/p>\n<p style=\"text-align: justify;\">En el caso de Los R\u00edos, agreg\u00f3, se espera cerrar un acuerdo por Matilde Esther. \u00abCon eso, Guayas habr\u00e1 terminado sus controversias, a excepci\u00f3n de Manab\u00ed\u00bb, resumi\u00f3. (El tel\u00e9grafo)<\/p>\n","protected":false},"excerpt":{"rendered":"<p>Los prefectos de Guayas y Azuay, Jimmy Jairala y Pa\u00fal Carrasco, respectivamente, firmaron hoy en Machala un acuerdo en torno<\/p>\n","protected":false},"author":1,"featured_media":0,"comment_status":"open","ping_status":"open","sticky":false,"template":"","format":"standard","meta":{"footnotes":""},"categories":[3],"tags":[],"_links":{"self":[{"href":"https:\/\/www.ecuadoraldia.com.ec\/index.php?rest_route=\/wp\/v2\/posts\/7730"}],"collection":[{"href":"https:\/\/www.ecuadoraldia.com.ec\/index.php?rest_route=\/wp\/v2\/posts"}],"about":[{"href":"https:\/\/www.ecuadoraldia.com.ec\/index.php?rest_route=\/wp\/v2\/types\/post"}],"author":[{"embeddable":true,"href":"https:\/\/www.ecuadoraldia.com.ec\/index.php?rest_route=\/wp\/v2\/users\/1"}],"replies":[{"embeddable":true,"href":"https:\/\/www.ecuadoraldia.com.ec\/index.php?rest_route=%2Fwp%2Fv2%2Fcomments&post=7730"}],"version-history":[{"count":1,"href":"https:\/\/www.ecuadoraldia.com.ec\/index.php?rest_route=\/wp\/v2\/posts\/7730\/revisions"}],"predecessor-version":[{"id":7732,"href":"https:\/\/www.ecuadoraldia.com.ec\/index.php?rest_route=\/wp\/v2\/posts\/7730\/revisions\/7732"}],"wp:attachment":[{"href":"https:\/\/www.ecuadoraldia.com.ec\/index.php?rest_route=%2Fwp%2Fv2%2Fmedia&parent=7730"}],"wp:term":[{"taxonomy":"category","embeddable":true,"href":"https:\/\/www.ecuadoraldia.com.ec\/index.php?rest_route=%2Fwp%2Fv2%2Fcategories&post=7730"},{"taxonomy":"post_tag","embeddable":true,"href":"https:\/\/www.ecuadoraldia.com.ec\/index.php?rest_route=%2Fwp%2Fv2%2Ftags&post=7730"}],"curies":[{"name":"wp","href":"https:\/\/api.w.org\/{rel}","templated":true}]}}