{"id":7734,"date":"2015-03-04T19:54:55","date_gmt":"2015-03-04T19:54:55","guid":{"rendered":"http:\/\/www.ecuadoraldia.com.ec\/?p=7734"},"modified":"2015-03-04T19:54:55","modified_gmt":"2015-03-04T19:54:55","slug":"libertadores-de-america-y-su-actuacion-genero-criticas-de-la-prensa-local-este-miercoles","status":"publish","type":"post","link":"https:\/\/www.ecuadoraldia.com.ec\/?p=7734","title":{"rendered":"Libertadores de Am\u00e9rica, y su actuaci\u00f3n gener\u00f3 cr\u00edticas de la prensa local este mi\u00e9rcoles."},"content":{"rendered":"<p style=\"text-align: justify;\"><a href=\"http:\/\/www.ecuadoraldia.com.ec\/wp-content\/uploads\/2015\/03\/barcelona-libertad_1.jpg\"><img loading=\"lazy\" decoding=\"async\" class=\"alignleft size-medium wp-image-7735\" src=\"http:\/\/www.ecuadoraldia.com.ec\/wp-content\/uploads\/2015\/03\/barcelona-libertad_1-300x205.jpg\" alt=\"barcelona-libertad_1\" width=\"300\" height=\"205\" srcset=\"https:\/\/www.ecuadoraldia.com.ec\/wp-content\/uploads\/2015\/03\/barcelona-libertad_1-300x205.jpg 300w, https:\/\/www.ecuadoraldia.com.ec\/wp-content\/uploads\/2015\/03\/barcelona-libertad_1.jpg 580w\" sizes=\"(max-width: 300px) 100vw, 300px\" \/><\/a>Quito, 4 mar (Andes).- Tras caer en casa ante Libertad de Paraguay, Barcelona vio reducidas sus posibilidades de avanzar en la Copa.<\/p>\n<p style=\"text-align: justify;\">El cuadro \u2018amarillo\u2019 resign\u00f3 importantes posibilidades de clasificar a los octavos de final del torneo de clubes m\u00e1s importante del continente, al perder 1-0 ante los paraguayos, una derrota que se suma a la registrada d\u00edas atr\u00e1s en la visita a Estudiantes de La Plata.<\/p>\n<p style=\"text-align: justify;\">\u201cBarcelona se aleja de los octavos de final\u201d, titul\u00f3 el mi\u00e9rcoles el diario p\u00fablico El Tel\u00e9grafo, que en sus p\u00e1ginas internas escribi\u00f3: \u201cEl cuadro \u2018canario\u2019 dej\u00f3 nuevamente la imagen de un equipo que se siente inc\u00f3modo en el campo de juego. No puede articular m\u00e1s de tres asistencias consecutivas\u201d.<\/p>\n<p style=\"text-align: justify;\">Por su parte, el peri\u00f3dico El Comercio se\u00f1al\u00f3: \u201cBarcelona SC perdi\u00f3 en el Monumental y se aleja de los octavos de final\u201d. Destac\u00f3 el mayor n\u00famero de llegadas de Libertad en contraste con la poca respuesta del local.<\/p>\n<p style=\"text-align: justify;\">El conjunto m\u00e1s popular de Ecuador sum\u00f3 su segunda derrota en el Grupo 7 de la Libertadores. El paraguayo Jorge Recalde en el minuto 78 anot\u00f3 el \u00fanico tanto del partido al aprovechar un craso error de los defensores \u2018canarios\u2019 Andr\u00e9s Lamas y Jos\u00e9 Luis Perlaza.<\/p>\n<p style=\"text-align: justify;\">Mientras que el diario El Universo calific\u00f3 como \u201capretado pero justo triunfo\u201d el de Libertad sobre el equipo conducido por el uruguayo Rub\u00e9n Israel.<\/p>\n<p style=\"text-align: justify;\">La jornada dos del Grupo 7 concluir\u00e1 el jueves con el choque entre Atl\u00e9tico Nacional y Estudiantes en Medell\u00edn. En la tercera fecha, Barcelona jugar\u00e1 de local ante el club colombiano, el 11 de marzo, y Libertad enfrentar\u00e1 a los argentinos al siguiente d\u00eda.(Andes)<\/p>\n","protected":false},"excerpt":{"rendered":"<p>Quito, 4 mar (Andes).- Tras caer en casa ante Libertad de Paraguay, Barcelona vio reducidas sus posibilidades de avanzar en<\/p>\n","protected":false},"author":1,"featured_media":0,"comment_status":"open","ping_status":"open","sticky":false,"template":"","format":"standard","meta":{"footnotes":""},"categories":[10],"tags":[],"_links":{"self":[{"href":"https:\/\/www.ecuadoraldia.com.ec\/index.php?rest_route=\/wp\/v2\/posts\/7734"}],"collection":[{"href":"https:\/\/www.ecuadoraldia.com.ec\/index.php?rest_route=\/wp\/v2\/posts"}],"about":[{"href":"https:\/\/www.ecuadoraldia.com.ec\/index.php?rest_route=\/wp\/v2\/types\/post"}],"author":[{"embeddable":true,"href":"https:\/\/www.ecuadoraldia.com.ec\/index.php?rest_route=\/wp\/v2\/users\/1"}],"replies":[{"embeddable":true,"href":"https:\/\/www.ecuadoraldia.com.ec\/index.php?rest_route=%2Fwp%2Fv2%2Fcomments&post=7734"}],"version-history":[{"count":1,"href":"https:\/\/www.ecuadoraldia.com.ec\/index.php?rest_route=\/wp\/v2\/posts\/7734\/revisions"}],"predecessor-version":[{"id":7736,"href":"https:\/\/www.ecuadoraldia.com.ec\/index.php?rest_route=\/wp\/v2\/posts\/7734\/revisions\/7736"}],"wp:attachment":[{"href":"https:\/\/www.ecuadoraldia.com.ec\/index.php?rest_route=%2Fwp%2Fv2%2Fmedia&parent=7734"}],"wp:term":[{"taxonomy":"category","embeddable":true,"href":"https:\/\/www.ecuadoraldia.com.ec\/index.php?rest_route=%2Fwp%2Fv2%2Fcategories&post=7734"},{"taxonomy":"post_tag","embeddable":true,"href":"https:\/\/www.ecuadoraldia.com.ec\/index.php?rest_route=%2Fwp%2Fv2%2Ftags&post=7734"}],"curies":[{"name":"wp","href":"https:\/\/api.w.org\/{rel}","templated":true}]}}