{"id":7793,"date":"2015-03-10T00:56:19","date_gmt":"2015-03-10T00:56:19","guid":{"rendered":"http:\/\/www.ecuadoraldia.com.ec\/?p=7793"},"modified":"2015-03-10T00:56:19","modified_gmt":"2015-03-10T00:56:19","slug":"venezuela-llama-a-consultas-a-su-principal-representante-en-ee-uu","status":"publish","type":"post","link":"https:\/\/www.ecuadoraldia.com.ec\/?p=7793","title":{"rendered":"Venezuela llama a consultas a su principal representante en EE.UU."},"content":{"rendered":"<p><a href=\"http:\/\/www.ecuadoraldia.com.ec\/wp-content\/uploads\/2015\/03\/vn.png\"><img loading=\"lazy\" decoding=\"async\" class=\"alignleft size-medium wp-image-7794\" src=\"http:\/\/www.ecuadoraldia.com.ec\/wp-content\/uploads\/2015\/03\/vn-300x110.png\" alt=\"vn\" width=\"300\" height=\"110\" srcset=\"https:\/\/www.ecuadoraldia.com.ec\/wp-content\/uploads\/2015\/03\/vn-300x110.png 300w, https:\/\/www.ecuadoraldia.com.ec\/wp-content\/uploads\/2015\/03\/vn.png 851w\" sizes=\"(max-width: 300px) 100vw, 300px\" \/><\/a>Agencia AFP. Venezuela llam\u00f3 este lunes a consultas a su principal representante en Estados Unidos, horas despu\u00e9s que Washington anunciara un nuevo paquete de sanciones contra funcionarios venezolanos y calificara la situaci\u00f3n en el pa\u00eds caribe\u00f1o como una \u00abamenaza\u00bb a su seguridad nacional.<\/p>\n<p>\u00abHemos llamado a consulta de inmediato a Maximilien Arvel\u00e1iz, Encargado de Negocios en Estados Unidos\u00bb, escribi\u00f3 la canciller Delcy Rodr\u00edguez en su cuenta en Twitter.<\/p>\n<p>La medida es la primera reacci\u00f3n de Caracas ante la decisi\u00f3n del presidente estadounidense, Barack Obama, de reforzar sanciones contra funcionarios del gobierno de Venezuela presuntamente incursos en casos de corrupci\u00f3n y violaciones a derechos humanos durante la represi\u00f3n de protestas opositoras en 2014, y que dejaron 43 fallecidos.<\/p>\n<p>La Casa Blanca tambi\u00e9n calific\u00f3 la situaci\u00f3n en el pa\u00eds suramericano como una \u00abamenaza a la seguridad nacional\u00bb de Estados Unidos.<\/p>\n<p>\u00abYo, Barack Obama, (&#8230;) considero que la situaci\u00f3n en Venezuela (&#8230;) constituye una amenaza extraordinaria e inusual a la seguridad nacional y la pol\u00edtica externa de Estados Unidos\u00bb, indica el decreto.<br \/>\n\u00abPor ello declaro una emergencia nacional para enfrentar esa amenaza\u00bb, a\u00f1ade.<\/p>\n<p>Las sanciones est\u00e1n dirigidas contra siete funcionarios y exfuncionarios de instancias policiales, militares y judiciales; cuyos nombres fueron mencionados p\u00fablicamente por la Casa Blanca por primera vez. Entre ellos se encuentran el exdirector de operaciones de la Guardia Nacional Bolivariana, Antonio Benavides; el director del servicio de inteligencia SEBIN, Gustavo Gonz\u00e1lez; la fiscal Katherine Haringhton; y el director de la Polic\u00eda Nacional, Manuel P\u00e9rez, entre otros.<\/p>\n<p>\u00abLos funcionarios venezolanos, actuales y anteriores, que violan los derechos humanos de los ciudadanos venezolanos y realizan actos de corrupci\u00f3n no ser\u00e1n bienvenidos aqu\u00ed, y ahora tenemos herramientas para bloquear sus bienes y su uso del sistema financiero estadounidense\u00bb, se\u00f1al\u00f3 la Casa Blanca.<\/p>\n<p>Estas acciones implementan y ampl\u00edan las sanciones aprobadas por el Congreso estadounidense el a\u00f1o pasado y que el propio mandatario, a pesar de su reticencia inicial, sancion\u00f3 en diciembre.<\/p>\n<p>En febrero el Departamento de Estado incluy\u00f3 un n\u00famero adicional de funcionarios venezolanos susceptibles a la restricci\u00f3n de visas.<\/p>\n<p>En ese entonces Venezuela manifest\u00f3 su rechazo a una decisi\u00f3n que consider\u00f3 \u00ablesiva de los derechos humanos\u00bb y que era \u00abreincidente en la violaci\u00f3n del Derecho Internacional\u00bb.<\/p>\n<p>El 28 de febrero el presidente venezolano Nicol\u00e1s Maduro anunci\u00f3 la reducci\u00f3n del n\u00famero de diplom\u00e1ticos estadounidenses de acreditados en Caracas, la exigencia de visas para turistas y la prohibici\u00f3n de ingreso al pa\u00eds de un grupo de l\u00edderes pol\u00edticos y legisladores norteamericanos.<\/p>\n","protected":false},"excerpt":{"rendered":"<p>Agencia AFP. Venezuela llam\u00f3 este lunes a consultas a su principal representante en Estados Unidos, horas despu\u00e9s que Washington anunciara<\/p>\n","protected":false},"author":1,"featured_media":0,"comment_status":"open","ping_status":"open","sticky":false,"template":"","format":"standard","meta":{"footnotes":""},"categories":[7],"tags":[],"_links":{"self":[{"href":"https:\/\/www.ecuadoraldia.com.ec\/index.php?rest_route=\/wp\/v2\/posts\/7793"}],"collection":[{"href":"https:\/\/www.ecuadoraldia.com.ec\/index.php?rest_route=\/wp\/v2\/posts"}],"about":[{"href":"https:\/\/www.ecuadoraldia.com.ec\/index.php?rest_route=\/wp\/v2\/types\/post"}],"author":[{"embeddable":true,"href":"https:\/\/www.ecuadoraldia.com.ec\/index.php?rest_route=\/wp\/v2\/users\/1"}],"replies":[{"embeddable":true,"href":"https:\/\/www.ecuadoraldia.com.ec\/index.php?rest_route=%2Fwp%2Fv2%2Fcomments&post=7793"}],"version-history":[{"count":1,"href":"https:\/\/www.ecuadoraldia.com.ec\/index.php?rest_route=\/wp\/v2\/posts\/7793\/revisions"}],"predecessor-version":[{"id":7795,"href":"https:\/\/www.ecuadoraldia.com.ec\/index.php?rest_route=\/wp\/v2\/posts\/7793\/revisions\/7795"}],"wp:attachment":[{"href":"https:\/\/www.ecuadoraldia.com.ec\/index.php?rest_route=%2Fwp%2Fv2%2Fmedia&parent=7793"}],"wp:term":[{"taxonomy":"category","embeddable":true,"href":"https:\/\/www.ecuadoraldia.com.ec\/index.php?rest_route=%2Fwp%2Fv2%2Fcategories&post=7793"},{"taxonomy":"post_tag","embeddable":true,"href":"https:\/\/www.ecuadoraldia.com.ec\/index.php?rest_route=%2Fwp%2Fv2%2Ftags&post=7793"}],"curies":[{"name":"wp","href":"https:\/\/api.w.org\/{rel}","templated":true}]}}