{"id":7796,"date":"2015-03-10T01:05:20","date_gmt":"2015-03-10T01:05:20","guid":{"rendered":"http:\/\/www.ecuadoraldia.com.ec\/?p=7796"},"modified":"2015-03-10T01:05:20","modified_gmt":"2015-03-10T01:05:20","slug":"caso-30-s-fiscalia-acuso-a-3-personas-por-presunta-perdida-de-evidencias","status":"publish","type":"post","link":"https:\/\/www.ecuadoraldia.com.ec\/?p=7796","title":{"rendered":"Caso 30-S: Fiscal\u00eda acus\u00f3 a 3 personas por presunta p\u00e9rdida de evidencias"},"content":{"rendered":"<p style=\"text-align: justify;\"><a href=\"http:\/\/www.ecuadoraldia.com.ec\/wp-content\/uploads\/2015\/03\/s-30.jpg\"><img loading=\"lazy\" decoding=\"async\" class=\"alignleft size-medium wp-image-7797\" src=\"http:\/\/www.ecuadoraldia.com.ec\/wp-content\/uploads\/2015\/03\/s-30-300x188.jpg\" alt=\"s 30\" width=\"300\" height=\"188\" srcset=\"https:\/\/www.ecuadoraldia.com.ec\/wp-content\/uploads\/2015\/03\/s-30-300x188.jpg 300w, https:\/\/www.ecuadoraldia.com.ec\/wp-content\/uploads\/2015\/03\/s-30.jpg 450w\" sizes=\"(max-width: 300px) 100vw, 300px\" \/><\/a>La ma\u00f1ana de hoy se instal\u00f3 la audiencia preparatoria de juicio y sustentaci\u00f3n de dictamen, en el Juzgado Sexto de Garant\u00edas Penales de Pichincha, ubicado en Casa de Justicia, en el sector de Carcel\u00e9n (norte de Quito).<\/p>\n<p style=\"text-align: justify;\">La diligencia fue declarada reservada por considerar que durante los hechos del 30-S se atent\u00f3 contra la seguridad del Estado.<\/p>\n<p style=\"text-align: justify;\">El 27 de agosto de 2014 se realiz\u00f3 la audiencia de formulaci\u00f3n de cargos en contra de V\u00edctor C., primer procesado en este caso. El 4 de diciembre del 2014 se realiz\u00f3 la vinculaci\u00f3n de Patricio F., Cristian P. y Carlos M., quienes cumpl\u00edan sus funciones en la Unidad de Criminal\u00edstica y laboraron en el horario nocturno, por lo que deb\u00edan cuidar la no contaminaci\u00f3n del lugar de los hechos.<\/p>\n<p style=\"text-align: justify;\">El fiscal Fabi\u00e1n Salazar consider\u00f3 que Hugo C., Carlos V. y Cristian S. son presuntos culpables del delito de perdida de evidencia.<\/p>\n<p style=\"text-align: justify;\">Mientras que a los procesados Patricio F., Cristian P. y Carlos M., la Fiscal\u00eda se abstuvo de acusarlos por considerar que no existen suficientes elementos en su contra. Ahora, la causa judicial sube a consulta del fiscal provincial para que este emita una resoluci\u00f3n.<\/p>\n<p style=\"text-align: justify;\">Durante la audiencia, la fiscal Fabi\u00e1n Salazar manifest\u00f3 que, \u201ctras los enfrentamientos registrados entre polic\u00edas sublevados y militares que rescataron al Presidente de la Rep\u00fablica hubo gran cantidad de vestigios y elementos de prueba que pudieron esclarecer los hechos. Sin embargo, por la falta de cuidado, ahora no se cuenta con los mismos\u201d.<\/p>\n<p style=\"text-align: justify;\">El Fiscal aclar\u00f3 que los sitios donde no se realiz\u00f3 limpieza se encontraron casquillos de balas, residuos de bombas lacrim\u00f3genas y hasta un guante policial.<\/p>\n<p style=\"text-align: justify;\">Entre los elementos de convicci\u00f3n presentados por la Fiscal\u00eda constan los informes de la Direcci\u00f3n de Criminal\u00edstica, donde se detalla el personal que estuvo de turno la noche del 30 de septiembre y la madrugada del 1 de octubre del 2010.<\/p>\n<p style=\"text-align: justify;\">Dentro del Informe de la Empresa Metropolitana de Aseo se informa que se realiz\u00f3 la limpieza del lugar por \u00f3rdenes de personal, presuntamente, policial y se procedi\u00f3 al barrido y limpieza con agua que empez\u00f3 a las 21:30 del 30 de septiembre y culmin\u00f3 a las 05:30 del 1 de octubre del 2010. (El Telegrafo)<\/p>\n","protected":false},"excerpt":{"rendered":"<p>La ma\u00f1ana de hoy se instal\u00f3 la audiencia preparatoria de juicio y sustentaci\u00f3n de dictamen, en el Juzgado Sexto de<\/p>\n","protected":false},"author":1,"featured_media":0,"comment_status":"open","ping_status":"open","sticky":false,"template":"","format":"standard","meta":{"footnotes":""},"categories":[5],"tags":[],"_links":{"self":[{"href":"https:\/\/www.ecuadoraldia.com.ec\/index.php?rest_route=\/wp\/v2\/posts\/7796"}],"collection":[{"href":"https:\/\/www.ecuadoraldia.com.ec\/index.php?rest_route=\/wp\/v2\/posts"}],"about":[{"href":"https:\/\/www.ecuadoraldia.com.ec\/index.php?rest_route=\/wp\/v2\/types\/post"}],"author":[{"embeddable":true,"href":"https:\/\/www.ecuadoraldia.com.ec\/index.php?rest_route=\/wp\/v2\/users\/1"}],"replies":[{"embeddable":true,"href":"https:\/\/www.ecuadoraldia.com.ec\/index.php?rest_route=%2Fwp%2Fv2%2Fcomments&post=7796"}],"version-history":[{"count":1,"href":"https:\/\/www.ecuadoraldia.com.ec\/index.php?rest_route=\/wp\/v2\/posts\/7796\/revisions"}],"predecessor-version":[{"id":7798,"href":"https:\/\/www.ecuadoraldia.com.ec\/index.php?rest_route=\/wp\/v2\/posts\/7796\/revisions\/7798"}],"wp:attachment":[{"href":"https:\/\/www.ecuadoraldia.com.ec\/index.php?rest_route=%2Fwp%2Fv2%2Fmedia&parent=7796"}],"wp:term":[{"taxonomy":"category","embeddable":true,"href":"https:\/\/www.ecuadoraldia.com.ec\/index.php?rest_route=%2Fwp%2Fv2%2Fcategories&post=7796"},{"taxonomy":"post_tag","embeddable":true,"href":"https:\/\/www.ecuadoraldia.com.ec\/index.php?rest_route=%2Fwp%2Fv2%2Ftags&post=7796"}],"curies":[{"name":"wp","href":"https:\/\/api.w.org\/{rel}","templated":true}]}}