{"id":7799,"date":"2015-03-10T01:15:33","date_gmt":"2015-03-10T01:15:33","guid":{"rendered":"http:\/\/www.ecuadoraldia.com.ec\/?p=7799"},"modified":"2015-03-10T01:15:33","modified_gmt":"2015-03-10T01:15:33","slug":"patino-unasur-no-permitira-intervencion-extranjera-en-venezuela","status":"publish","type":"post","link":"https:\/\/www.ecuadoraldia.com.ec\/?p=7799","title":{"rendered":"Pati\u00f1o: Unasur no permitir\u00e1 \u00abintervenci\u00f3n extranjera\u00bb en Venezuela"},"content":{"rendered":"<p style=\"text-align: justify;\"><a href=\"http:\/\/www.ecuadoraldia.com.ec\/wp-content\/uploads\/2015\/03\/rpt.jpg\"><img loading=\"lazy\" decoding=\"async\" class=\"alignleft size-medium wp-image-7800\" src=\"http:\/\/www.ecuadoraldia.com.ec\/wp-content\/uploads\/2015\/03\/rpt-300x185.jpg\" alt=\"rpt\" width=\"300\" height=\"185\" srcset=\"https:\/\/www.ecuadoraldia.com.ec\/wp-content\/uploads\/2015\/03\/rpt-300x185.jpg 300w, https:\/\/www.ecuadoraldia.com.ec\/wp-content\/uploads\/2015\/03\/rpt.jpg 450w\" sizes=\"(max-width: 300px) 100vw, 300px\" \/><\/a>El canciller de Ecuador, Ricardo Pati\u00f1o, ratific\u00f3 que la Uni\u00f3n de Naciones Suramericanas (Unasur) respalda al gobierno constitucional de Venezuela y no permitir\u00e1 una intervenci\u00f3n extranjera ni que se frag\u00fce un golpe de Estado en dicho pa\u00eds.<\/p>\n<p style=\"text-align: justify;\">\u00abVamos a apoyar la legitimidad del presidente Nicol\u00e1s Maduro\u00bb, indic\u00f3 el ministro al hacer un recuento hoy, en Guayaquil, de las actividades que una misi\u00f3n de la Unasur realiz\u00f3 el viernes en Caracas. Pati\u00f1o dijo que el respaldo al gobierno venezolano es el mismo que el organismo dar\u00eda a todos los reg\u00edmenes constituidos leg\u00edtimamente en la regi\u00f3n.<\/p>\n<p style=\"text-align: justify;\">Explic\u00f3 que en la reuni\u00f3n que mantuvieron con el presidente Maduro fueron presentadas una serie de pruebas de que \u00abestaba en total continuidad un proceso de golpe de Estado en Venezuela\u00bb.<\/p>\n<p style=\"text-align: justify;\">\u00abEn la medida en que el presidente Nicol\u00e1s Maduro es el presidente de los venezolanos, elegido democr\u00e1tica, transparente y claramente, por supuesto que vamos a oponernos de forma radical, frontal, institucional, con toda nuestra fuerza, a cualquier intento de desestabilizaci\u00f3n\u00bb, dijo.<\/p>\n<p style=\"text-align: justify;\">Las declaraciones del funcionario ecuatoriano ocurrieron casi de forma simult\u00e1nea al anuncio de este lunes de Estados Unidos de ampliar sanciones contra funcionarios venezolanos por supuestas violaciones de derechos humanos.<\/p>\n<p style=\"text-align: justify;\">Pati\u00f1o tambi\u00e9n dijo se evidenci\u00f3 un trabajo medi\u00e1tico de algunas agencias de prensa, que no distribuyeron una informaci\u00f3n completa. Se refiri\u00f3 al caso de fotos que circularon de largas colas en una distribuidora farmac\u00e9utica, cuando se trataba de un acaparamiento de las medicinas en bodegas que fue sancionado por las autoridades. \u00abAl d\u00eda siguiente no salieron en las agencias internacionales las fotos de esa farmacia sin colas\u00bb, apunt\u00f3.<\/p>\n<p style=\"text-align: justify;\">Pati\u00f1o recalc\u00f3, sin embargo, que esto no significa que en ese pa\u00eds no haya problemas. \u00abConversamos con Maduro y nos ha dicho que le gustar\u00eda recibir apoyo de gobiernos amigos para aumentar de nivel de distribuci\u00f3n de productos b\u00e1sicos\u00bb. De all\u00ed que Unasur ofreci\u00f3 trabajar inmediatamente para ayudar a Venezuela con redes de distribuci\u00f3n.<\/p>\n<p style=\"text-align: justify;\">Tambi\u00e9n se refiri\u00f3 a la reuni\u00f3n que la misi\u00f3n mantuvo con los representantes de los partidos que conforman la Mesa de Unidad Democr\u00e1tica (MUD), la cual fue \u00abrespetuosa y cordial\u00bb. Puntualiz\u00f3 que hubo importantes avances en los puntos que se hab\u00edan establecido en reuniones anteriores.<\/p>\n<p style=\"text-align: justify;\">La principal preocupaci\u00f3n de los partidos opositores es el proceso electoral, que haya equidad en el manejo de medios de comunicaci\u00f3n, as\u00ed tambi\u00e9n reclaman respeto a los derechos humanos, un trato adecuado a las personas encarceladas. Se mostraron dispuestos a dialogar con el gobierno en los temas econ\u00f3micos e institucionales.<\/p>\n<p style=\"text-align: justify;\">Pati\u00f1o se\u00f1al\u00f3 que las autoridades judiciales informaron que de todos los encarcelados el a\u00f1o pasado por los sucesos que derivaron en el fallecimiento de 43 personas, muchos fueron liberados y actualmente hay 41 privados de libertad, de ellos 14 son efectivos de la fuerza p\u00fablica y siguen presos, mientras solo 2 son estudiantes.<\/p>\n<p style=\"text-align: justify;\">Sobre el asunto electoral, Pati\u00f1o dijo que el Consejo Nacional Electoral (CNE) de Venezuela solicit\u00f3 el acompa\u00f1amiento de una misi\u00f3n de la Unasur no solo en las elecciones parlamentarias, sino tambi\u00e9n en las primarias, previstas para junio o julio. (El Telegrafo)<\/p>\n","protected":false},"excerpt":{"rendered":"<p>El canciller de Ecuador, Ricardo Pati\u00f1o, ratific\u00f3 que la Uni\u00f3n de Naciones Suramericanas (Unasur) respalda al gobierno constitucional de Venezuela<\/p>\n","protected":false},"author":1,"featured_media":0,"comment_status":"open","ping_status":"open","sticky":false,"template":"","format":"standard","meta":{"footnotes":""},"categories":[1],"tags":[],"_links":{"self":[{"href":"https:\/\/www.ecuadoraldia.com.ec\/index.php?rest_route=\/wp\/v2\/posts\/7799"}],"collection":[{"href":"https:\/\/www.ecuadoraldia.com.ec\/index.php?rest_route=\/wp\/v2\/posts"}],"about":[{"href":"https:\/\/www.ecuadoraldia.com.ec\/index.php?rest_route=\/wp\/v2\/types\/post"}],"author":[{"embeddable":true,"href":"https:\/\/www.ecuadoraldia.com.ec\/index.php?rest_route=\/wp\/v2\/users\/1"}],"replies":[{"embeddable":true,"href":"https:\/\/www.ecuadoraldia.com.ec\/index.php?rest_route=%2Fwp%2Fv2%2Fcomments&post=7799"}],"version-history":[{"count":1,"href":"https:\/\/www.ecuadoraldia.com.ec\/index.php?rest_route=\/wp\/v2\/posts\/7799\/revisions"}],"predecessor-version":[{"id":7801,"href":"https:\/\/www.ecuadoraldia.com.ec\/index.php?rest_route=\/wp\/v2\/posts\/7799\/revisions\/7801"}],"wp:attachment":[{"href":"https:\/\/www.ecuadoraldia.com.ec\/index.php?rest_route=%2Fwp%2Fv2%2Fmedia&parent=7799"}],"wp:term":[{"taxonomy":"category","embeddable":true,"href":"https:\/\/www.ecuadoraldia.com.ec\/index.php?rest_route=%2Fwp%2Fv2%2Fcategories&post=7799"},{"taxonomy":"post_tag","embeddable":true,"href":"https:\/\/www.ecuadoraldia.com.ec\/index.php?rest_route=%2Fwp%2Fv2%2Ftags&post=7799"}],"curies":[{"name":"wp","href":"https:\/\/api.w.org\/{rel}","templated":true}]}}