{"id":7802,"date":"2015-03-11T00:58:18","date_gmt":"2015-03-11T00:58:18","guid":{"rendered":"http:\/\/www.ecuadoraldia.com.ec\/?p=7802"},"modified":"2015-03-11T00:58:18","modified_gmt":"2015-03-11T00:58:18","slug":"correa-ya-tenemos-informes-de-que-hay-especulacion","status":"publish","type":"post","link":"https:\/\/www.ecuadoraldia.com.ec\/?p=7802","title":{"rendered":"Correa: \u00abYa tenemos informes de que hay especulaci\u00f3n\u00bb"},"content":{"rendered":"<p style=\"text-align: justify;\"><a href=\"http:\/\/www.ecuadoraldia.com.ec\/wp-content\/uploads\/2015\/03\/Correa-Conversatorio.jpg\"><img loading=\"lazy\" decoding=\"async\" class=\"alignleft size-medium wp-image-7803\" src=\"http:\/\/www.ecuadoraldia.com.ec\/wp-content\/uploads\/2015\/03\/Correa-Conversatorio-300x144.jpg\" alt=\"Correa-Conversatorio\" width=\"300\" height=\"144\" srcset=\"https:\/\/www.ecuadoraldia.com.ec\/wp-content\/uploads\/2015\/03\/Correa-Conversatorio-300x144.jpg 300w, https:\/\/www.ecuadoraldia.com.ec\/wp-content\/uploads\/2015\/03\/Correa-Conversatorio.jpg 450w\" sizes=\"(max-width: 300px) 100vw, 300px\" \/><\/a>El presidente de la Rep\u00fablica, Rafael Correa, advirti\u00f3 que ciertos agentes econ\u00f3micos del pa\u00eds -\u00abazuzados por cierta prensa\u00bb- est\u00e1n intentando crear una etapa de especulaci\u00f3n del pa\u00eds a ra\u00edz de las sobretasas arancelarias impuestas por el Gobierno nacional.<\/p>\n<p style=\"text-align: justify;\">En un conversatorio con medios de comunicaci\u00f3n en Guayaquil, el Jefe de Estado asegur\u00f3 que \u00abya tenemos informes de que hay especulaci\u00f3n. Las salvaguardias reci\u00e9n empiezan a funcionar ma\u00f1ana y ya hay gente que ha subido los precios, para que vean c\u00f3mo actuan ciertos agentes y c\u00f3mo son azuzados por cierta prensa\u00bb.<\/p>\n<p style=\"text-align: justify;\">Correa reiter\u00f3 que la medida arancelaria tomada por su r\u00e9gimen tendr\u00e1 un \u00abimpacto muy restringido\u00bb en el consumidor nfinal, pero lament\u00f3 que medios de comunicaci\u00f3n privados \u00abhace lo posible por confundir y por generar caos y est\u00e1n buscando crear especulaci\u00f3n\u00bb.<\/p>\n<p style=\"text-align: justify;\">\u00abSe est\u00e1n afectando al 40% de los productos importados, en su inmensa mayor\u00eda, bienes suntuarios y bienes de consumo duradero cuyo reemplazo puede ser postergado. Los de primera necesidad contin\u00faan, practicamente, intactos\u00bb, asegur\u00f3 el gobernante.<\/p>\n<p style=\"text-align: justify;\">Diego Aulestia, ministro de Comercio Exterior, por su parte, se\u00f1al\u00f3 que el Ejecutivo \u00abtuvo much\u00edsimo cuidado para que las mater\u00edas primas para la producci\u00f3n dom\u00e9stica no sean afectados o sean afectados m\u00ednimamente\u00bb.<\/p>\n<p style=\"text-align: justify;\">El Ministro se consult\u00f3: \u00abTeniendo menor cantidad de d\u00f3lares, \u00bfes v\u00e1lido que importemos, por ejemplo, yogurt o mantequilla cuando hay producci\u00f3n local de esos bienes\u00bb. Adem\u00e1s afirm\u00f3 que \u00abhemos dejado por fuera de las sobretasas a los medicamentos, a los combustibles, couriers que hacen que el impacto sea al 32% del monto importando con relaci\u00f3n a diciembre de 2014\u00bb.<\/p>\n<p style=\"text-align: justify;\">Correa finaliz\u00f3 recordando que \u00aben otros gobiernos, por menos que lo que estamos enfrentando, era subida de gas, subida de tel\u00e9fono, subida de luz, subida de gasolina\u00bb. (EL Tel\u00e9grafo)<\/p>\n","protected":false},"excerpt":{"rendered":"<p>El presidente de la Rep\u00fablica, Rafael Correa, advirti\u00f3 que ciertos agentes econ\u00f3micos del pa\u00eds -\u00abazuzados por cierta prensa\u00bb- est\u00e1n intentando<\/p>\n","protected":false},"author":1,"featured_media":0,"comment_status":"open","ping_status":"open","sticky":false,"template":"","format":"standard","meta":{"footnotes":""},"categories":[1],"tags":[],"_links":{"self":[{"href":"https:\/\/www.ecuadoraldia.com.ec\/index.php?rest_route=\/wp\/v2\/posts\/7802"}],"collection":[{"href":"https:\/\/www.ecuadoraldia.com.ec\/index.php?rest_route=\/wp\/v2\/posts"}],"about":[{"href":"https:\/\/www.ecuadoraldia.com.ec\/index.php?rest_route=\/wp\/v2\/types\/post"}],"author":[{"embeddable":true,"href":"https:\/\/www.ecuadoraldia.com.ec\/index.php?rest_route=\/wp\/v2\/users\/1"}],"replies":[{"embeddable":true,"href":"https:\/\/www.ecuadoraldia.com.ec\/index.php?rest_route=%2Fwp%2Fv2%2Fcomments&post=7802"}],"version-history":[{"count":1,"href":"https:\/\/www.ecuadoraldia.com.ec\/index.php?rest_route=\/wp\/v2\/posts\/7802\/revisions"}],"predecessor-version":[{"id":7804,"href":"https:\/\/www.ecuadoraldia.com.ec\/index.php?rest_route=\/wp\/v2\/posts\/7802\/revisions\/7804"}],"wp:attachment":[{"href":"https:\/\/www.ecuadoraldia.com.ec\/index.php?rest_route=%2Fwp%2Fv2%2Fmedia&parent=7802"}],"wp:term":[{"taxonomy":"category","embeddable":true,"href":"https:\/\/www.ecuadoraldia.com.ec\/index.php?rest_route=%2Fwp%2Fv2%2Fcategories&post=7802"},{"taxonomy":"post_tag","embeddable":true,"href":"https:\/\/www.ecuadoraldia.com.ec\/index.php?rest_route=%2Fwp%2Fv2%2Ftags&post=7802"}],"curies":[{"name":"wp","href":"https:\/\/api.w.org\/{rel}","templated":true}]}}