{"id":7809,"date":"2015-03-11T18:19:58","date_gmt":"2015-03-11T18:19:58","guid":{"rendered":"http:\/\/www.ecuadoraldia.com.ec\/?p=7809"},"modified":"2015-03-11T18:19:58","modified_gmt":"2015-03-11T18:19:58","slug":"patino-venezuela-no-esta-sola-la-cuna-de-bolivar-se-respeta","status":"publish","type":"post","link":"https:\/\/www.ecuadoraldia.com.ec\/?p=7809","title":{"rendered":"Pati\u00f1o: \u00abVenezuela no est\u00e1 sola, la cuna de Bol\u00edvar se respeta\u00bb"},"content":{"rendered":"<p style=\"text-align: justify;\"><a href=\"http:\/\/www.ecuadoraldia.com.ec\/wp-content\/uploads\/2015\/03\/UNASUR_PATIO_VENEZUELA.jpg\"><img loading=\"lazy\" decoding=\"async\" class=\"alignleft size-medium wp-image-7810\" src=\"http:\/\/www.ecuadoraldia.com.ec\/wp-content\/uploads\/2015\/03\/UNASUR_PATIO_VENEZUELA-300x192.jpg\" alt=\"UNASUR_PATIO_VENEZUELA\" width=\"300\" height=\"192\" srcset=\"https:\/\/www.ecuadoraldia.com.ec\/wp-content\/uploads\/2015\/03\/UNASUR_PATIO_VENEZUELA-300x192.jpg 300w, https:\/\/www.ecuadoraldia.com.ec\/wp-content\/uploads\/2015\/03\/UNASUR_PATIO_VENEZUELA.jpg 450w\" sizes=\"(max-width: 300px) 100vw, 300px\" \/><\/a>Los cancilleres de la Uni\u00f3n de Naciones Suramericanas (Unasur) se reunir\u00e1n este jueves en Montevideo (Uruguay), para analizar la decisi\u00f3n del presidente Barack Obama de declarar a Venezuela como \u00abamenaza extraordinaria e inusual\u00bb a la seguridad de Estados Unidos.<\/p>\n<p style=\"text-align: justify;\">El ministro de Relaciones Exteriores de Ecuador, Ricardo Pati\u00f1o, confirm\u00f3 hoy, en entrevista con Telesur, que los cancilleres plantear\u00e1n una reuni\u00f3n extraordinaria de los Jefes de Estado miembros del bloque regional.<\/p>\n<p style=\"text-align: justify;\">\u00abQue quede claro que Venezuela no est\u00e1 sola. Venezuela, la cuna de Bol\u00edvar, se respeta y la vamos a hacer respetar\u00bb, sostuvo Pati\u00f1o.<\/p>\n<p style=\"text-align: justify;\">\u00abQue sepa el presidente Obama que una agresi\u00f3n a un pa\u00eds hermano es una agresi\u00f3n al conjunto de los pa\u00edses\u00bb de la regi\u00f3n\u00bb, a\u00f1adi\u00f3 al tiempo que subray\u00f3 que no hay ning\u00fan motivo para que Venezuela sea considerada como amenaza por parte del pa\u00eds norteamericano.<\/p>\n<p style=\"text-align: justify;\">\u00abSimplemente hay diferencias pol\u00edticas que se deben resolver por medio del di\u00e1logo y no a trav\u00e9s de este tipo de amenazas, porque lo que se ha hecho al dictar ese decreto es una verdadera amenaza contra nuestro pa\u00eds hermano (&#8230;) Lo \u00fanico que puede explicar esa decisi\u00f3n es preparar una intervenci\u00f3n, no hay ninguna otra raz\u00f3n\u00bb, subray\u00f3.<\/p>\n<p style=\"text-align: justify;\">El Canciller tambi\u00e9n se\u00f1al\u00f3 que los pa\u00edses latinoamericanos y caribe\u00f1os no tendr\u00edan capacidad de reacci\u00f3n ante un ataque de EE.UU., pues no hay punto de comparaci\u00f3n entre las fuerzas militares.<\/p>\n<p style=\"text-align: justify;\">Sin embargo, Pati\u00f1o puntualiz\u00f3 que \u00abes la reacci\u00f3n pol\u00edtica, la fuerza moral, la uni\u00f3n de nuestros pa\u00edses de hacer respetar la soberan\u00eda del conjunto de pa\u00edses, la que podr\u00e1 detener una agresi\u00f3n de EE.UU.\u00bb. Anunci\u00f3 que en los pa\u00edses de la regi\u00f3n ya se est\u00e1n organizando manifestaciones de movimientos sociales en solidaridad con Venezuela.<\/p>\n<p style=\"text-align: justify;\">El decreto ejecutivo de Obama \u00abes una groser\u00eda\u00bb y \u00abuna clara manifestaci\u00f3n contra la regi\u00f3n\u00bb, recalc\u00f3 el jefe de la diplomacia ecuatoriana, al referirse que las sanciones contra Venezuela se anunciaron solo dos d\u00edas despu\u00e9s la misi\u00f3n de cancilleres de Unasur visitara ese pa\u00eds para fomentar un di\u00e1logo entre las partes.<\/p>\n<p style=\"text-align: justify;\">Ayer, el presidente de Ecuador, Rafael Correa, dijo que la cumbre de Jefes de Estado ser\u00eda la pr\u00f3xima semana.<\/p>\n<p style=\"text-align: justify;\">Agreg\u00f3 que \u00abdaremos la respuesta correspondiente a esta grotesca, ilegal, descarada, inaudita, injustificada injerencia de Estados Unidos en asuntos internos de Venezuela\u00bb.<\/p>\n<p style=\"text-align: justify;\">\u00abEs grav\u00edsimo lo que ha sucedido. No son declaraciones de (Barack) Obama, es una orden ejecutiva que tiene nivel de ley de sancionar poco menos que a todos los votantes de (Nicol\u00e1s) Maduro\u00bb, indic\u00f3.<\/p>\n<p style=\"text-align: justify;\">El lunes, Washington impuso sanciones a siete funcionarios de Venezuela, que incluyen el congelamiento de bienes y la prohibici\u00f3n de entrada a Estados Unidos. (El telegrafo)<\/p>\n","protected":false},"excerpt":{"rendered":"<p>Los cancilleres de la Uni\u00f3n de Naciones Suramericanas (Unasur) se reunir\u00e1n este jueves en Montevideo (Uruguay), para analizar la decisi\u00f3n<\/p>\n","protected":false},"author":1,"featured_media":0,"comment_status":"open","ping_status":"open","sticky":false,"template":"","format":"standard","meta":{"footnotes":""},"categories":[1],"tags":[],"_links":{"self":[{"href":"https:\/\/www.ecuadoraldia.com.ec\/index.php?rest_route=\/wp\/v2\/posts\/7809"}],"collection":[{"href":"https:\/\/www.ecuadoraldia.com.ec\/index.php?rest_route=\/wp\/v2\/posts"}],"about":[{"href":"https:\/\/www.ecuadoraldia.com.ec\/index.php?rest_route=\/wp\/v2\/types\/post"}],"author":[{"embeddable":true,"href":"https:\/\/www.ecuadoraldia.com.ec\/index.php?rest_route=\/wp\/v2\/users\/1"}],"replies":[{"embeddable":true,"href":"https:\/\/www.ecuadoraldia.com.ec\/index.php?rest_route=%2Fwp%2Fv2%2Fcomments&post=7809"}],"version-history":[{"count":1,"href":"https:\/\/www.ecuadoraldia.com.ec\/index.php?rest_route=\/wp\/v2\/posts\/7809\/revisions"}],"predecessor-version":[{"id":7811,"href":"https:\/\/www.ecuadoraldia.com.ec\/index.php?rest_route=\/wp\/v2\/posts\/7809\/revisions\/7811"}],"wp:attachment":[{"href":"https:\/\/www.ecuadoraldia.com.ec\/index.php?rest_route=%2Fwp%2Fv2%2Fmedia&parent=7809"}],"wp:term":[{"taxonomy":"category","embeddable":true,"href":"https:\/\/www.ecuadoraldia.com.ec\/index.php?rest_route=%2Fwp%2Fv2%2Fcategories&post=7809"},{"taxonomy":"post_tag","embeddable":true,"href":"https:\/\/www.ecuadoraldia.com.ec\/index.php?rest_route=%2Fwp%2Fv2%2Ftags&post=7809"}],"curies":[{"name":"wp","href":"https:\/\/api.w.org\/{rel}","templated":true}]}}