{"id":7812,"date":"2015-03-11T18:21:18","date_gmt":"2015-03-11T18:21:18","guid":{"rendered":"http:\/\/www.ecuadoraldia.com.ec\/?p=7812"},"modified":"2015-03-11T18:21:18","modified_gmt":"2015-03-11T18:21:18","slug":"el-responsable-de-otorgar-nobel-de-la-paz-a-obama-fue-destituido","status":"publish","type":"post","link":"https:\/\/www.ecuadoraldia.com.ec\/?p=7812","title":{"rendered":"El responsable de otorgar Nobel de la Paz a Obama fue destituido"},"content":{"rendered":"<p style=\"text-align: justify;\"><a href=\"http:\/\/www.ecuadoraldia.com.ec\/wp-content\/uploads\/2015\/03\/Thorbjorn-Jagland_.jpg\"><img loading=\"lazy\" decoding=\"async\" class=\"alignleft size-medium wp-image-7813\" src=\"http:\/\/www.ecuadoraldia.com.ec\/wp-content\/uploads\/2015\/03\/Thorbjorn-Jagland_-300x168.jpg\" alt=\"Thorbjorn-Jagland_\" width=\"300\" height=\"168\" srcset=\"https:\/\/www.ecuadoraldia.com.ec\/wp-content\/uploads\/2015\/03\/Thorbjorn-Jagland_-300x168.jpg 300w, https:\/\/www.ecuadoraldia.com.ec\/wp-content\/uploads\/2015\/03\/Thorbjorn-Jagland_.jpg 450w\" sizes=\"(max-width: 300px) 100vw, 300px\" \/><\/a>Agencia Telesur. El responsable de otorgar el Premio Nobel de la Paz al presidente de Estados Unidos, Barack Obama, fue destituido a inicios de este mes de su cargo. Se trata del exprimer ministro noruego,Thorbj\u00f8rn Jagland, quien presid\u00eda el comit\u00e9 del reconocimiento internacional desde 2009.<\/p>\n<p style=\"text-align: justify;\">Jagland ser\u00e1 sustituido por la antigua vicepresidenta del galard\u00f3n internacional, Kaci Kullmann Five. Al parecer el diplom\u00e1tico noruego estaba involucrado en varios esc\u00e1ndalos por otorgar la premiaci\u00f3n a personas poco comprometidas con la paz en el mundo, seg\u00fan informaci\u00f3n de medios europeos.<\/p>\n<p style=\"text-align: justify;\">Su paso por la direcci\u00f3n del Premio Nobel de la Paz fue criticada a causa de los nombres de las personas que recibieron el galard\u00f3n en los \u00faltimos a\u00f1os.<\/p>\n<p style=\"text-align: justify;\">Es la primera vez en los 114 a\u00f1os de historia del Premio Nobel de la Paz que se destituye a un presidente de su cargo. (Telesur)<\/p>\n","protected":false},"excerpt":{"rendered":"<p>Agencia Telesur. El responsable de otorgar el Premio Nobel de la Paz al presidente de Estados Unidos, Barack Obama, fue<\/p>\n","protected":false},"author":1,"featured_media":0,"comment_status":"open","ping_status":"open","sticky":false,"template":"","format":"standard","meta":{"footnotes":""},"categories":[7],"tags":[],"_links":{"self":[{"href":"https:\/\/www.ecuadoraldia.com.ec\/index.php?rest_route=\/wp\/v2\/posts\/7812"}],"collection":[{"href":"https:\/\/www.ecuadoraldia.com.ec\/index.php?rest_route=\/wp\/v2\/posts"}],"about":[{"href":"https:\/\/www.ecuadoraldia.com.ec\/index.php?rest_route=\/wp\/v2\/types\/post"}],"author":[{"embeddable":true,"href":"https:\/\/www.ecuadoraldia.com.ec\/index.php?rest_route=\/wp\/v2\/users\/1"}],"replies":[{"embeddable":true,"href":"https:\/\/www.ecuadoraldia.com.ec\/index.php?rest_route=%2Fwp%2Fv2%2Fcomments&post=7812"}],"version-history":[{"count":1,"href":"https:\/\/www.ecuadoraldia.com.ec\/index.php?rest_route=\/wp\/v2\/posts\/7812\/revisions"}],"predecessor-version":[{"id":7814,"href":"https:\/\/www.ecuadoraldia.com.ec\/index.php?rest_route=\/wp\/v2\/posts\/7812\/revisions\/7814"}],"wp:attachment":[{"href":"https:\/\/www.ecuadoraldia.com.ec\/index.php?rest_route=%2Fwp%2Fv2%2Fmedia&parent=7812"}],"wp:term":[{"taxonomy":"category","embeddable":true,"href":"https:\/\/www.ecuadoraldia.com.ec\/index.php?rest_route=%2Fwp%2Fv2%2Fcategories&post=7812"},{"taxonomy":"post_tag","embeddable":true,"href":"https:\/\/www.ecuadoraldia.com.ec\/index.php?rest_route=%2Fwp%2Fv2%2Ftags&post=7812"}],"curies":[{"name":"wp","href":"https:\/\/api.w.org\/{rel}","templated":true}]}}